{"id":12,"date":"2017-01-17T11:05:49","date_gmt":"2017-01-17T10:05:49","guid":{"rendered":"http:\/\/www.literarnenoviny.sk\/servis\/?p=12"},"modified":"2017-01-17T11:05:49","modified_gmt":"2017-01-17T10:05:49","slug":"vatikan-vyda-pri-prilezitosti-500-vyrocia-reformacie-postovu-znamku-s-martinom-lutherom","status":"publish","type":"post","link":"https:\/\/literarnenoviny.sk\/servis\/vatikan-vyda-pri-prilezitosti-500-vyrocia-reformacie-postovu-znamku-s-martinom-lutherom\/","title":{"rendered":"Vatik\u00e1n vyd\u00e1 pri pr\u00edle\u017eitosti 500.&nbsp;v\u00fdro\u010dia reform\u00e1cie po\u0161tov\u00fa zn\u00e1mku s&nbsp;Martinom Lutherom"},"content":{"rendered":"<p>Vatik\u00e1n vyd\u00e1 pri pr\u00edle\u017eitosti 500.&nbsp;v\u00fdro\u010dia reform\u00e1cie po\u0161tov\u00fa zn\u00e1mku s&nbsp;Martinom Lutherom<\/p>\n","protected":false},"excerpt":{"rendered":"<p>Vatik\u00e1n vyd\u00e1 pri pr\u00edle\u017eitosti 500.&nbsp;v\u00fdro\u010dia reform\u00e1cie po\u0161tov\u00fa zn\u00e1mku s&nbsp;Martinom Lutherom <a href=\"https:\/\/literarnenoviny.sk\/servis\/vatikan-vyda-pri-prilezitosti-500-vyrocia-reformacie-postovu-znamku-s-martinom-lutherom\/\" class=\"more-link\">Cel\u00e1 spr\u00e1va <span class=\"meta-nav\">&rarr;<\/span><\/a><\/p>\n","protected":false},"author":2,"featured_media":0,"comment_status":"closed","ping_status":"open","sticky":false,"template":"","format":"standard","meta":{"_links_to":"","_links_to_target":""},"categories":[1],"tags":[5,3,6],"_links":{"self":[{"href":"https:\/\/literarnenoviny.sk\/servis\/wp-json\/wp\/v2\/posts\/12"}],"collection":[{"href":"https:\/\/literarnenoviny.sk\/servis\/wp-json\/wp\/v2\/posts"}],"about":[{"href":"https:\/\/literarnenoviny.sk\/servis\/wp-json\/wp\/v2\/types\/post"}],"author":[{"embeddable":true,"href":"https:\/\/literarnenoviny.sk\/servis\/wp-json\/wp\/v2\/users\/2"}],"replies":[{"embeddable":true,"href":"https:\/\/literarnenoviny.sk\/servis\/wp-json\/wp\/v2\/comments?post=12"}],"version-history":[{"count":0,"href":"https:\/\/literarnenoviny.sk\/servis\/wp-json\/wp\/v2\/posts\/12\/revisions"}],"wp:attachment":[{"href":"https:\/\/literarnenoviny.sk\/servis\/wp-json\/wp\/v2\/media?parent=12"}],"wp:term":[{"taxonomy":"category","embeddable":true,"href":"https:\/\/literarnenoviny.sk\/servis\/wp-json\/wp\/v2\/categories?post=12"},{"taxonomy":"post_tag","embeddable":true,"href":"https:\/\/literarnenoviny.sk\/servis\/wp-json\/wp\/v2\/tags?post=12"}],"curies":[{"name":"wp","href":"https:\/\/api.w.org\/{rel}","templated":true}]}}