{"id":11922,"date":"2020-04-08T18:40:38","date_gmt":"2020-04-08T16:40:38","guid":{"rendered":"https:\/\/literarnenoviny.sk\/servis\/?p=11922"},"modified":"2020-04-08T19:51:04","modified_gmt":"2020-04-08T17:51:04","slug":"do-literarnej-sutaze-medziriadky-2020-sa-ich-prihlasilo-viac-nez-styristo-autorov","status":"publish","type":"post","link":"https:\/\/literarnenoviny.sk\/servis\/do-literarnej-sutaze-medziriadky-2020-sa-ich-prihlasilo-viac-nez-styristo-autorov\/","title":{"rendered":"Do liter\u00e1rnej s\u00fa\u0165a\u017ee Medziriadky 2020 sa&nbsp;ich prihl\u00e1silo viac ne\u017e \u0161tyristo autorov"},"content":{"rendered":"<p><strong>Do jubilejn\u00e9ho 10.&nbsp;ro\u010dn\u00edka liter\u00e1rnej s\u00fa\u0165a\u017ee pre&nbsp;mlad\u00fdch za\u010d\u00ednaj\u00facich autorov <a href=\"https:\/\/medziriadky.sk\/\" rel=\"noopener noreferrer\" target=\"_blank\">Medziriadky <\/a>sa prihl\u00e1silo viac ne\u017e \u0161tyristo s\u00fa\u0165a\u017eiacich<\/strong>, informoval o&nbsp;tom PR&nbsp;mana\u017e\u00e9r projektu Radovan Poto\u010d\u00e1r. Pr\u00e1ce v&nbsp;kateg\u00f3ri\u00e1ch po\u00e9zia, pr\u00f3za a&nbsp;dr\u00e1ma bude hodnoti\u0165 dev\u00e4\u0165\u010dlenn\u00e1 porota. <\/p>\n<p>Do poroty op\u00e4\u0165 zasadn\u00fa napr\u00edklad b\u00e1snik Petr Borkovec, poetka a&nbsp;prekladate\u013eka M\u00e1ria Feren\u010duhov\u00e1 aj liter\u00e1rna kriti\u010dka Marta Sou\u010dkov\u00e1. Na&nbsp;porotcov \u010dak\u00e1 celkom 455 s\u00fa\u0165a\u017en\u00fdch pr\u00edspevkov. <\/p>\n<p><center><div class=\"gca-utility vertical-spacer\"><\/div><iframe loading=\"lazy\" src=\"https:\/\/www.facebook.com\/plugins\/post.php?href=https%3A%2F%2Fwww.facebook.com%2Fmedziriadky%2Fposts%2F1306889302844638&#038;width=500\" width=\"500\" height=\"524\" style=\"border:none;overflow:hidden\" scrolling=\"no\" frameborder=\"0\" allowTransparency=\"true\" allow=\"encrypted-media\"><\/iframe><div class=\"gca-utility vertical-spacer\"><\/div><\/center><\/p>\n<p>Pribli\u017ene 50 finalistov dostane pozvanie na&nbsp;Letn\u00fa \u0161kolu literat\u00fary, ktor\u00e1 by sa&nbsp;mala kona\u0165 koncom augusta v&nbsp;rekrea\u010dnom stredisku Duchonka, kde si na&nbsp;workshopoch svoje texty s&nbsp;porotcami spolo\u010dne rozober\u00fa.<\/p>\n<p>Riadite\u013eka Medziriadkov Katar\u00edna Vargov\u00e1 uviedla, \u017ee&nbsp;ka\u017ed\u00fd debutuj\u00faci autor je&nbsp;pre&nbsp;nich obrovskou satisfakciou. <\/p>\n<p><em>\u201eMedziriadky m\u00f4\u017eu v&nbsp;tomto oh\u013eade pom\u00f4c\u0165 ka\u017ed\u00e9mu, kto potrebuje dosta\u0165 kvalitn\u00fa sp\u00e4tn\u00fa v\u00e4zbu k&nbsp;svojmu p\u00edsaniu, zorientova\u0165 sa&nbsp;na&nbsp;liter\u00e1rnej sc\u00e9ne alebo z\u00edska\u0165 nov\u00e9 kontakty,\u201c<\/em> uviedla Vargov\u00e1, ktor\u00e1 ver\u00ed, \u017ee&nbsp;do&nbsp;konca leta sa&nbsp;situ\u00e1cia stabilizuje a&nbsp;\u0161kola literat\u00fary sa&nbsp;uskuto\u010dn\u00ed v&nbsp;pl\u00e1novanom term\u00edne. <\/p>\n<p>Pravideln\u00e9 autorsk\u00e9 \u010d\u00edtanie v&nbsp;slovensk\u00fdch mest\u00e1ch v\u0161ak museli pozastavi\u0165.<\/p>\n<p>V programe letnej \u0161koly s\u00fa divadeln\u00e9 predstavenia, diskusie, besedy aj koncert. Jej \u00fa\u010dastn\u00edci sa&nbsp;tam stretn\u00fa s&nbsp;poetkou Katar\u00ednou Kucbelovou, dramaturgom a&nbsp;tvorcom komiksov Danielom Majlingom, liter\u00e1rnym multi-in\u0161trumentalistom Vladom Jan\u010dekom \u010di&nbsp;b\u00fdvalou \u00fa\u010dastn\u00ed\u010dkou Medziriadkov Dominikou Madro, ktor\u00e1 minul\u00fd rok v&nbsp;novembri debutovala so&nbsp;svojou  knihou <em><strong><a href=\"https:\/\/www.martinus.sk\/?uItem=681771&#038;z=WLGC7F&#038;utm_source=z%3DWLGC7F&#038;utm_medium=url&#038;utm_campaign=partner\" rel=\"noopener noreferrer\" target=\"_blank\">Sv\u00e4tyne<\/a> <\/strong>(KK Bagala, 2019)<\/em>.<\/p>\n<p style=\"text-align: right;\"><small>&mdash;&nbsp;<a href=\"https:\/\/medziriadky.sk\/\" target=\"_blank\" rel=\"noopener noreferrer\">Medziriadky<\/a><\/small><\/p>\n<div class=\"gca-utility clearfix\"><\/div>\n<div class=\"gca-utility vertical-spacer\"><\/div>\n<p><center><span class=\"fullscreen\"><script type=\"text\/javascript\" src=\"\/\/partner.mrtns.eu\/banners\/banner.js?type=banner&#038;brand_id=1&#038;uItem=681771&#038;size=full&#038;show_price=0&#038;color=green&#038;z=WLGC7F\"><\/script><\/center><\/p>\n","protected":false},"excerpt":{"rendered":"<p>Do jubilejn\u00e9ho 10.&nbsp;ro\u010dn\u00edka liter\u00e1rnej s\u00fa\u0165a\u017ee pre&nbsp;mlad\u00fdch za\u010d\u00ednaj\u00facich autorov Medziriadky sa&nbsp;prihl\u00e1silo viac ne\u017e \u0161tyristo s\u00fa\u0165a\u017eiacich, informoval o&nbsp;tom PR&nbsp;mana\u017e\u00e9r projektu Radovan Poto\u010d\u00e1r. Pr\u00e1ce v&nbsp;kateg\u00f3ri\u00e1ch po\u00e9zia, pr\u00f3za a&nbsp;dr\u00e1ma bude hodnoti\u0165 dev\u00e4\u0165\u010dlenn\u00e1 porota. <a href=\"https:\/\/literarnenoviny.sk\/servis\/do-literarnej-sutaze-medziriadky-2020-sa-ich-prihlasilo-viac-nez-styristo-autorov\/\" class=\"more-link\">Cel\u00e1 spr\u00e1va <span class=\"meta-nav\">&rarr;<\/span><\/a><\/p>\n","protected":false},"author":2,"featured_media":0,"comment_status":"closed","ping_status":"closed","sticky":false,"template":"","format":"standard","meta":{"_links_to":"","_links_to_target":""},"categories":[1],"tags":[14,45,52,178],"_links":{"self":[{"href":"https:\/\/literarnenoviny.sk\/servis\/wp-json\/wp\/v2\/posts\/11922"}],"collection":[{"href":"https:\/\/literarnenoviny.sk\/servis\/wp-json\/wp\/v2\/posts"}],"about":[{"href":"https:\/\/literarnenoviny.sk\/servis\/wp-json\/wp\/v2\/types\/post"}],"author":[{"embeddable":true,"href":"https:\/\/literarnenoviny.sk\/servis\/wp-json\/wp\/v2\/users\/2"}],"replies":[{"embeddable":true,"href":"https:\/\/literarnenoviny.sk\/servis\/wp-json\/wp\/v2\/comments?post=11922"}],"version-history":[{"count":0,"href":"https:\/\/literarnenoviny.sk\/servis\/wp-json\/wp\/v2\/posts\/11922\/revisions"}],"wp:attachment":[{"href":"https:\/\/literarnenoviny.sk\/servis\/wp-json\/wp\/v2\/media?parent=11922"}],"wp:term":[{"taxonomy":"category","embeddable":true,"href":"https:\/\/literarnenoviny.sk\/servis\/wp-json\/wp\/v2\/categories?post=11922"},{"taxonomy":"post_tag","embeddable":true,"href":"https:\/\/literarnenoviny.sk\/servis\/wp-json\/wp\/v2\/tags?post=11922"}],"curies":[{"name":"wp","href":"https:\/\/api.w.org\/{rel}","templated":true}]}}