{"id":11869,"date":"2020-04-07T09:40:04","date_gmt":"2020-04-07T07:40:04","guid":{"rendered":"https:\/\/literarnenoviny.sk\/servis\/?p=11869"},"modified":"2020-04-21T20:08:07","modified_gmt":"2020-04-21T18:08:07","slug":"julovy-stredoeuropsky-literarny-festival-mesiac-autorskeho-citania-zatial-nerusia","status":"publish","type":"post","link":"https:\/\/literarnenoviny.sk\/servis\/julovy-stredoeuropsky-literarny-festival-mesiac-autorskeho-citania-zatial-nerusia\/","title":{"rendered":"J\u00falov\u00fd stredoeur\u00f3psky liter\u00e1rny festival Mesiac autorsk\u00e9ho \u010d\u00edtania zatia\u013e neru\u0161ia"},"content":{"rendered":"<p><strong>J\u00falov\u00fd stredoeur\u00f3psky liter\u00e1rny festival <a href=\"https:\/\/www.facebook.com\/autorskecteni\/\" rel=\"noopener noreferrer\" target=\"_blank\">Mesiac autorsk\u00e9ho \u010d\u00edtania<\/a>, ktor\u00e9ho s\u00fa\u010das\u0165ou s\u00fa aj Ko\u0161ice, zatia\u013e neru\u0161ia<\/strong>, jeho organiz\u00e1tori v\u0161ak uva\u017euj\u00fa aj o&nbsp;augustovom term\u00edne. Inform\u00e1ciu priniesol <a href=\"https:\/\/dennikn.sk\/1842269\/pod-ruskom-drzime-nadej-i-fazonu\/\" rel=\"noopener noreferrer\" target=\"_blank\">Denn\u00edk N<\/a> v&nbsp;\u010dl\u00e1nku Alexandra Balogha.<\/p>\n<p>Tradi\u010dn\u00fd Mesiac autorsk\u00e9ho \u010d\u00edtania sa&nbsp;pravidelne kon\u00e1 v&nbsp;Brne, Ostrave, Ko\u0161iciach, vo&nbsp;Vroclave a&nbsp;v&nbsp;\u013dvove. Nad jeho 21.&nbsp;ro\u010dn\u00edkom v\u0161ak st\u00e1le vis\u00ed ot\u00e1znik.<\/p>\n<p><center><div class=\"gca-utility vertical-spacer\"><\/div><iframe loading=\"lazy\" src=\"https:\/\/www.facebook.com\/plugins\/post.php?href=https%3A%2F%2Fwww.facebook.com%2Fautorskectianie%2Fposts%2F901547830289376&#038;width=500\" width=\"500\" height=\"492\" style=\"border:none;overflow:hidden\" scrolling=\"no\" frameborder=\"0\" allowTransparency=\"true\" allow=\"encrypted-media\"><\/iframe><div class=\"gca-utility vertical-spacer\"><\/div><\/center><\/p>\n<p>Tento rok je&nbsp;\u010destn\u00fdm hos\u0165om festivalu susedn\u00e9 Ma\u010farsko. <em>\u201eVe\u013emi sme sa&nbsp;te\u0161ili na&nbsp;Ma\u010farsko, m\u00e1 zast\u00fapen\u00fa v\u00fdznamn\u00fa komunitu v&nbsp;Ko\u0161iciach a&nbsp;mno\u017estvo Ko\u0161i\u010danov vyu\u017e\u00edva ma\u010farsk\u00fd jazyk na&nbsp;be\u017en\u00fa komunik\u00e1ciu,\u201c<\/em> uviedla pre&nbsp;Denn\u00edk N Kamila Prextov\u00e1, riadite\u013eka <a href=\"https:\/\/www.kosicekmk.sk\/\" rel=\"noopener noreferrer\" target=\"_blank\">Kni\u017enice pre&nbsp;ml\u00e1de\u017e mesta Ko\u0161ice<\/a>, ktor\u00e1 je&nbsp;garantom podujatia. <\/p>\n<p>Festival <a href=\"http:\/\/www.mac365.cz\/\" rel=\"noopener noreferrer\" target=\"_blank\">Mesiac autorsk\u00e9ho \u010d\u00edtania<\/a> vznikol v&nbsp;roku 2000 v&nbsp;Brne a&nbsp;nesk\u00f4r sa&nbsp;roz\u0161\u00edril aj <a href=\"https:\/\/www.vetrnemlyny.cz\/mesic-autorskeho-cteni-mac\/t1005\" rel=\"noopener noreferrer\" target=\"_blank\">do in\u00fdch miest<\/a>. Na&nbsp;desiatkach programov\u00fdch ve\u010derov sa&nbsp;\u010d\u00edtaj\u00fa v\u017edy knihy dvoch autorov, jedn\u00e9ho z&nbsp;usporiadaj\u00facej krajiny a&nbsp;druh\u00e9ho z&nbsp;krajiny, ktor\u00e1 je&nbsp;\u010destn\u00fdm hos\u0165om aktu\u00e1lneho ro\u010dn\u00edka.<\/p>\n<p>Usporiadatelia v&nbsp;\u010cesku pod\u013ea Petra Mina\u0159\u00edka, \u0161\u00e9fa vydavate\u013estva <a href=\"https:\/\/www.vetrnemlyny.cz\" rel=\"noopener noreferrer\" target=\"_blank\">V\u011btrn\u00e9 ml\u00fdny<\/a>, ktor\u00e9 je&nbsp;hlavn\u00fdm organiz\u00e1torom podujatia, v&nbsp;krajnom pr\u00edpade uva\u017euj\u00fa aj o&nbsp;online verzii podujatia. Pre&nbsp;ko\u0161ick\u00fa kni\u017enicu je&nbsp;v\u0161ak tak\u00e1to mo\u017enos\u0165 neprijate\u013en\u00e1.<\/p>\n<p style=\"text-align: right;\"><small>&mdash;&nbsp;<a href=\"https:\/\/dennikn.sk\/1842269\/pod-ruskom-drzime-nadej-i-fazonu\/\" target=\"_blank\" rel=\"noopener noreferrer\">Denn\u00edk N<\/a><\/small><\/p>\n<div class=\"gca-utility clearfix\"><\/div>\n<div class=\"gca-utility vertical-spacer\"><\/div>\n<p><center><span class=\"fullscreen\"><a href=\"\/\/www.martinus.sk\/?z=WLGC7F&#038;utm_source=z%3DWLGC7F&#038;utm_medium=banner1_468x60&#038;utm_campaign=partner\"><img decoding=\"async\" src=\"\/\/www.martinus.sk\/images\/banners\/468x60_red.jpg\" alt=\"www.martinus.sk\" \/><\/a><\/span><\/center><\/p>\n","protected":false},"excerpt":{"rendered":"<p>J\u00falov\u00fd stredoeur\u00f3psky liter\u00e1rny festival Mesiac autorsk\u00e9ho \u010d\u00edtania, ktor\u00e9ho s\u00fa\u010das\u0165ou s\u00fa aj Ko\u0161ice, zatia\u013e neru\u0161ia, jeho organiz\u00e1tori v\u0161ak uva\u017euj\u00fa aj o&nbsp;augustovom term\u00edne.Tradi\u010dn\u00e9 podujatie sa&nbsp;pravidelne kon\u00e1 v&nbsp;Brne, Ostrave, Ko\u0161iciach, vo&nbsp;Vroclavi a&nbsp;v&nbsp;\u013dvove. Nad jeho 21.&nbsp;ro\u010dn\u00edkom v\u0161ak st\u00e1le vis\u00ed ot\u00e1znik. <a href=\"https:\/\/literarnenoviny.sk\/servis\/julovy-stredoeuropsky-literarny-festival-mesiac-autorskeho-citania-zatial-nerusia\/\" class=\"more-link\">Cel\u00e1 spr\u00e1va <span class=\"meta-nav\">&rarr;<\/span><\/a><\/p>\n","protected":false},"author":2,"featured_media":0,"comment_status":"closed","ping_status":"closed","sticky":false,"template":"","format":"standard","meta":{"_links_to":"","_links_to_target":""},"categories":[1],"tags":[15,171],"_links":{"self":[{"href":"https:\/\/literarnenoviny.sk\/servis\/wp-json\/wp\/v2\/posts\/11869"}],"collection":[{"href":"https:\/\/literarnenoviny.sk\/servis\/wp-json\/wp\/v2\/posts"}],"about":[{"href":"https:\/\/literarnenoviny.sk\/servis\/wp-json\/wp\/v2\/types\/post"}],"author":[{"embeddable":true,"href":"https:\/\/literarnenoviny.sk\/servis\/wp-json\/wp\/v2\/users\/2"}],"replies":[{"embeddable":true,"href":"https:\/\/literarnenoviny.sk\/servis\/wp-json\/wp\/v2\/comments?post=11869"}],"version-history":[{"count":0,"href":"https:\/\/literarnenoviny.sk\/servis\/wp-json\/wp\/v2\/posts\/11869\/revisions"}],"wp:attachment":[{"href":"https:\/\/literarnenoviny.sk\/servis\/wp-json\/wp\/v2\/media?parent=11869"}],"wp:term":[{"taxonomy":"category","embeddable":true,"href":"https:\/\/literarnenoviny.sk\/servis\/wp-json\/wp\/v2\/categories?post=11869"},{"taxonomy":"post_tag","embeddable":true,"href":"https:\/\/literarnenoviny.sk\/servis\/wp-json\/wp\/v2\/tags?post=11869"}],"curies":[{"name":"wp","href":"https:\/\/api.w.org\/{rel}","templated":true}]}}