{"id":11807,"date":"2020-04-01T17:40:09","date_gmt":"2020-04-01T15:40:09","guid":{"rendered":"https:\/\/literarnenoviny.sk\/servis\/?p=11807"},"modified":"2020-04-21T20:06:55","modified_gmt":"2020-04-21T18:06:55","slug":"prazsky-festival-svet-knihy-nebude-ani-v-jeseni-tento-rok-sa-definitivne-zrusi","status":"publish","type":"post","link":"https:\/\/literarnenoviny.sk\/servis\/prazsky-festival-svet-knihy-nebude-ani-v-jeseni-tento-rok-sa-definitivne-zrusi\/","title":{"rendered":"Pra\u017esk\u00fd festival Sv\u011bt knihy nebude ani v&nbsp;jeseni, tento rok sa&nbsp;\u00faplne zru\u0161\u00ed"},"content":{"rendered":"<p><strong>Pra\u017esk\u00fd liter\u00e1rny festival <a href=\"https:\/\/sk2020.svetknihy.cz\/\" rel=\"noopener noreferrer\" target=\"_blank\">Sv\u011bt knihy 2020<\/a> sa&nbsp;nebude kona\u0165 ani v&nbsp;okt\u00f3bri, organiz\u00e1tori ho \u00faplne zru\u0161ili<\/strong>. Rozhodlo o&nbsp;tom predstavenstvo Svazu \u010desk\u00fdch knihkupc\u016f a&nbsp;nakladatel\u016f na&nbsp;svojom zasadan\u00ed 1.&nbsp;apr\u00edla, festival by sa&nbsp;tak mal kona\u0165 a\u017e na&nbsp;bud\u00faci rok v&nbsp;m\u00e1ji 2021.<\/p>\n<p>Tradi\u010dn\u00e9 m\u00e1jov\u00e9 podujatie sa&nbsp;po&nbsp;prepuknut\u00ed teraj\u0161ej koronav\u00edrusovej pand\u00e9mie malo najprv <a href=\"https:\/\/literarnenoviny.sk\/servis\/prazsky-festival-svet-knihy-rusi-svoj-povodny-majovy-termin-bude-sa-konat-v-oktobri\/\" target=\"_blank\" rel=\"noopener noreferrer\">presun\u00fa\u0165 na&nbsp;jese\u0148<\/a>. Predstavenstvo v\u0161ak us\u00fadilo, \u017ee&nbsp;v\u00fdvoj je&nbsp;pr\u00edli\u0161 neist\u00fd a&nbsp;ohrozenie celej kni\u017enej brand\u017ee pr\u00edli\u0161 v\u00e1\u017ene na&nbsp;to, aby sa&nbsp;dal usporiada\u0165 d\u00f4stojn\u00fd a&nbsp;\u00faspe\u0161n\u00fd ve\u013etrh.<\/p>\n<p><center><div class=\"gca-utility vertical-spacer\"><\/div><iframe loading=\"lazy\" src=\"https:\/\/www.facebook.com\/plugins\/post.php?href=https%3A%2F%2Fwww.facebook.com%2Fsvetknihypraha%2Fposts%2F3492011214148502&#038;width=500\" width=\"500\" height=\"280\" style=\"border:none;overflow:hidden\" scrolling=\"no\" frameborder=\"0\" allowTransparency=\"true\" allow=\"encrypted-media\"><\/iframe>    <\/iframe><div class=\"gca-utility vertical-spacer\"><\/div><\/center><\/p>\n<p><em>\u201eV t\u011bchto t\u00fddnech a&nbsp;m\u011bs\u00edc\u00edch bojuje n\u00e1\u0161 obor doslova o&nbsp;p\u0159e\u017eit\u00ed. Bez v\u00fdrazn\u00e9 a&nbsp;rychl\u00e9 pomoci st\u00e1tu se zhrout\u00ed maloobchodn\u00ed s\u00ed\u0165 a&nbsp;n\u00e1sledn\u011b to bude m\u00edt dominov\u00fd efekt na&nbsp;nakladatele. Projevuje se to u\u017e&nbsp;nyn\u00ed, kdy se finan\u010dn\u00ed toky v&nbsp;oboru prakticky zastavily,\u201c <\/em>uviedli predstavite\u013eia \u010desk\u00e9ho zdru\u017eenia. <\/p>\n<p>Organiz\u00e1tori ve\u013etrhu Sv\u011bt knihy z\u00e1rove\u0148 zd\u00f4raznili, \u017ee&nbsp;\u010desk\u00fd kni\u017en\u00fd trh dlhodobo a&nbsp;v\u00fdrazne prispieval do&nbsp;\u0161t\u00e1tneho rozpo\u010dtu. Teraz v\u0161ak vraj naliehavo potrebuje pomoc. <em>\u201eV\u011b\u0159\u00edme, \u017ee&nbsp;st\u00e1t kni\u017en\u00ed trh padnout nenech\u00e1,\u201c<\/em> uviedli vo&nbsp;svojom vyhl\u00e1sen\u00ed.<\/p>\n<p>Pod\u013ea \u010desk\u00fdch kn\u00edhkupcov a&nbsp;vydavate\u013eov je&nbsp;to d\u00f4le\u017eit\u00e9 najm\u00e4 preto, \u017ee&nbsp;pestr\u00e1 kni\u017en\u00e1 ponuka m\u00e1 dlhodob\u00fd a&nbsp;pozit\u00edvny vplyv na&nbsp;vzdelanos\u0165, konkurencieschopnos\u0165 aj \u010ditate\u013esk\u00fa gramotnos\u0165.<\/p>\n<p style=\"text-align: right;\"><small>&mdash;&nbsp;<a href=\"https:\/\/www.facebook.com\/svetknihypraha\/posts\/3492011214148502\" target=\"_blank\" rel=\"noopener noreferrer\">Sv\u011bt knihy<\/a> a&nbsp;<a href=\"https:\/\/addmedia.news\" target=\"_blank\" rel=\"noopener noreferrer\">Addmedia News<\/a><\/p>\n<p><\/small><\/p>\n<div class=\"gca-utility clearfix\"><\/div>\n<div class=\"gca-utility vertical-spacer\"><\/div>\n<p><center><span class=\"fullscreen\"><a href=\"\/\/www.martinus.sk\/?z=WLGC7F&#038;utm_source=z%3DWLGC7F&#038;utm_medium=banner1_468x60&#038;utm_campaign=partner\"><img decoding=\"async\" src=\"\/\/www.martinus.sk\/images\/banners\/468x60_red.jpg\" alt=\"www.martinus.sk\" \/><\/a><\/span><\/center><\/p>\n","protected":false},"excerpt":{"rendered":"<p>Pra\u017esk\u00fd liter\u00e1rny festival Sv\u011bt knihy 2020 sa&nbsp;nebude kona\u0165 ani v&nbsp;okt\u00f3bri, organiz\u00e1tori ho \u00faplne zru\u0161ili. Rozhodlo o&nbsp;tom predstavenstvo Svazu \u010desk\u00fdch knihkupc\u016f a&nbsp;nakladatel\u016f na&nbsp;svojom zasadan\u00ed 1.&nbsp;apr\u00edla, festival by sa&nbsp;tak mal kona\u0165 a\u017e na&nbsp;bud\u00faci rok v&nbsp;m\u00e1ji 2021. <a href=\"https:\/\/literarnenoviny.sk\/servis\/prazsky-festival-svet-knihy-nebude-ani-v-jeseni-tento-rok-sa-definitivne-zrusi\/\" class=\"more-link\">Cel\u00e1 spr\u00e1va <span class=\"meta-nav\">&rarr;<\/span><\/a><\/p>\n","protected":false},"author":2,"featured_media":0,"comment_status":"closed","ping_status":"closed","sticky":false,"template":"","format":"standard","meta":{"_links_to":"","_links_to_target":""},"categories":[1],"tags":[15,171,8],"_links":{"self":[{"href":"https:\/\/literarnenoviny.sk\/servis\/wp-json\/wp\/v2\/posts\/11807"}],"collection":[{"href":"https:\/\/literarnenoviny.sk\/servis\/wp-json\/wp\/v2\/posts"}],"about":[{"href":"https:\/\/literarnenoviny.sk\/servis\/wp-json\/wp\/v2\/types\/post"}],"author":[{"embeddable":true,"href":"https:\/\/literarnenoviny.sk\/servis\/wp-json\/wp\/v2\/users\/2"}],"replies":[{"embeddable":true,"href":"https:\/\/literarnenoviny.sk\/servis\/wp-json\/wp\/v2\/comments?post=11807"}],"version-history":[{"count":0,"href":"https:\/\/literarnenoviny.sk\/servis\/wp-json\/wp\/v2\/posts\/11807\/revisions"}],"wp:attachment":[{"href":"https:\/\/literarnenoviny.sk\/servis\/wp-json\/wp\/v2\/media?parent=11807"}],"wp:term":[{"taxonomy":"category","embeddable":true,"href":"https:\/\/literarnenoviny.sk\/servis\/wp-json\/wp\/v2\/categories?post=11807"},{"taxonomy":"post_tag","embeddable":true,"href":"https:\/\/literarnenoviny.sk\/servis\/wp-json\/wp\/v2\/tags?post=11807"}],"curies":[{"name":"wp","href":"https:\/\/api.w.org\/{rel}","templated":true}]}}