{"id":1171,"date":"2017-10-21T03:24:33","date_gmt":"2017-10-21T01:24:33","guid":{"rendered":"https:\/\/literarnenoviny.sk\/servis\/?p=1171"},"modified":"2017-10-26T21:56:31","modified_gmt":"2017-10-26T19:56:31","slug":"cilsky-komunisticky-basnik-pablo-neruda-pravdepodobne-nezomrel-na-rakovinu","status":"publish","type":"post","link":"https:\/\/literarnenoviny.sk\/servis\/cilsky-komunisticky-basnik-pablo-neruda-pravdepodobne-nezomrel-na-rakovinu\/","title":{"rendered":"\u010cilsk\u00fd komunistick\u00fd b\u00e1snik Pablo Neruda pravdepodobne nezomrel na&nbsp;rakovinu"},"content":{"rendered":"<p><strong>Medzin\u00e1rodn\u00e1 skupina odborn\u00edkov vy\u0161etruj\u00faca smr\u0165 \u010dilsk\u00e9ho b\u00e1snika <a href=\"https:\/\/cs.wikipedia.org\/wiki\/Pablo_Neruda\" rel=\"noopener\" target=\"_blank\">Pabla Nerudu<\/a> v&nbsp;piatok spochybnila ofici\u00e1lnu pr\u00ed\u010dinu jeho smrti spred 44 rokov v&nbsp;d\u00f4sledku rakoviny<\/strong>. Nevyl\u00fa\u010dila tie\u017e, \u017ee&nbsp;sa&nbsp;stal obe\u0165ou zlo\u010dinu.<\/p>\n<p>Neruda, laure\u00e1t Nobelovej ceny za&nbsp;literat\u00faru z&nbsp;roku 1971, zomrel 12&nbsp;dn\u00ed po&nbsp;prevrate, ktor\u00fdm \u010dilsk\u00fd dikt\u00e1tor Augusto Pinochet zvrhol v&nbsp;septembri 1973 socialistick\u00e9ho prezidenta Salvadora Allendeho. Pod\u013ea odborn\u00edkov je&nbsp;stopercentne ist\u00e9, \u017ee&nbsp;\u00famrtn\u00fd list Nerudu neodr\u00e1\u017ea realitu. Na\u010falej v\u0161ak nemo\u017eno potvrdi\u0165, \u010di&nbsp;jeho smr\u0165 bola prirodzen\u00e1 alebo n\u00e1siln\u00e1.<\/p>\n<p>\u0160panielsky forenzn\u00fd \u0161pecialista Aurelio Luna <a href=\"https:\/\/www.reuters.com\/article\/us-chile-neruda\/researchers-raise-doubts-over-cause-of-chilean-poet-nerudas-death-idUSKBN1CQ005\" rel=\"noopener\" target=\"_blank\">novin\u00e1rom povedal<\/a>, \u017ee&nbsp;t\u00edm 16 expertov zo&nbsp;\u0160panielska, Franc\u00fazska, \u010cile, USA a&nbsp;Kanady objavil nie\u010do, \u010do&nbsp;by mohli by\u0165 bakt\u00e9rie vykultivovan\u00e9 v&nbsp;laborat\u00f3riu. V\u00fdsledky anal\u00fdz by mali by\u0165 zn\u00e1me za&nbsp;\u0161es\u0165 a\u017e 12 mesiacov.<\/p>\n<p style=\"text-align: right;\"><small><a href=\"https:\/\/www.reuters.com\/article\/us-chile-neruda\/researchers-raise-doubts-over-cause-of-chilean-poet-nerudas-death-idUSKBN1CQ005\" target=\"_blank\" rel=\"noopener\">Reuters<\/a><\/small><\/p>\n","protected":false},"excerpt":{"rendered":"<p>Medzin\u00e1rodn\u00e1 skupina odborn\u00edkov vy\u0161etruj\u00faca smr\u0165 \u010dilsk\u00e9ho b\u00e1snika Pabla Nerudu v&nbsp;piatok spochybnila ofici\u00e1lnu pr\u00ed\u010dinu jeho smrti spred 44 rokov v&nbsp;d\u00f4sledku rakoviny. Nevyl\u00fa\u010dila tie\u017e, \u017ee&nbsp;sa&nbsp;stal obe\u0165ou zlo\u010dinu. <a href=\"https:\/\/literarnenoviny.sk\/servis\/cilsky-komunisticky-basnik-pablo-neruda-pravdepodobne-nezomrel-na-rakovinu\/\" class=\"more-link\">Cel\u00e1 spr\u00e1va <span class=\"meta-nav\">&rarr;<\/span><\/a><\/p>\n","protected":false},"author":2,"featured_media":0,"comment_status":"closed","ping_status":"closed","sticky":false,"template":"","format":"standard","meta":{"_links_to":"","_links_to_target":""},"categories":[1],"tags":[5,3],"_links":{"self":[{"href":"https:\/\/literarnenoviny.sk\/servis\/wp-json\/wp\/v2\/posts\/1171"}],"collection":[{"href":"https:\/\/literarnenoviny.sk\/servis\/wp-json\/wp\/v2\/posts"}],"about":[{"href":"https:\/\/literarnenoviny.sk\/servis\/wp-json\/wp\/v2\/types\/post"}],"author":[{"embeddable":true,"href":"https:\/\/literarnenoviny.sk\/servis\/wp-json\/wp\/v2\/users\/2"}],"replies":[{"embeddable":true,"href":"https:\/\/literarnenoviny.sk\/servis\/wp-json\/wp\/v2\/comments?post=1171"}],"version-history":[{"count":0,"href":"https:\/\/literarnenoviny.sk\/servis\/wp-json\/wp\/v2\/posts\/1171\/revisions"}],"wp:attachment":[{"href":"https:\/\/literarnenoviny.sk\/servis\/wp-json\/wp\/v2\/media?parent=1171"}],"wp:term":[{"taxonomy":"category","embeddable":true,"href":"https:\/\/literarnenoviny.sk\/servis\/wp-json\/wp\/v2\/categories?post=1171"},{"taxonomy":"post_tag","embeddable":true,"href":"https:\/\/literarnenoviny.sk\/servis\/wp-json\/wp\/v2\/tags?post=1171"}],"curies":[{"name":"wp","href":"https:\/\/api.w.org\/{rel}","templated":true}]}}