{"id":11686,"date":"2020-03-25T13:50:20","date_gmt":"2020-03-25T12:50:20","guid":{"rendered":"https:\/\/literarnenoviny.sk\/servis\/?p=11686"},"modified":"2020-05-24T10:46:42","modified_gmt":"2020-05-24T08:46:42","slug":"v-cesku-sa-ruca-knizny-trh-knihkupci-sa-obavaju-padu-celeho-knizneho-priemyslu","status":"publish","type":"post","link":"https:\/\/literarnenoviny.sk\/servis\/v-cesku-sa-ruca-knizny-trh-knihkupci-sa-obavaju-padu-celeho-knizneho-priemyslu\/","title":{"rendered":"V \u010cesku sa&nbsp;r\u00faca kni\u017en\u00fd trh, kn\u00edhkupci sa&nbsp;ob\u00e1vaj\u00fa p\u00e1du cel\u00e9ho kni\u017en\u00e9ho priemyslu"},"content":{"rendered":"<p><strong>V susednom \u010cesku sa&nbsp;r\u00faca doned\u00e1vna prosperuj\u00faci a&nbsp;ziskov\u00fd kni\u017en\u00fd trh<\/strong>, najv\u00e4\u010d\u0161\u00ed \u010desk\u00ed kn\u00edhkupci a&nbsp;vydavatelia o&nbsp;pomoc <a href=\"https:\/\/magazin.aktualne.cz\/kultura\/literatura\/nakladatele-knihkupci-babis-dopis\/r~0bdcc61c6e7611eab0f60cc47ab5f122\/\" rel=\"noopener noreferrer\" target=\"_blank\">po\u017eiadali<\/a> \u010desk\u00e9ho premi\u00e9ra Andreja Babi\u0161a. Ob\u00e1vaj\u00fa sa&nbsp;nen\u00e1vratn\u00e9ho p\u00e1du cel\u00e9ho kni\u017en\u00e9ho priemyslu v&nbsp;krajine, ktor\u00fd bude d\u00f4sledkom s\u00fa\u010dasn\u00e9ho kolapsu maloobchodnej siete.<\/p>\n<p>Najv\u00e4\u010d\u0161\u00ed \u010desk\u00fd kni\u017en\u00fd distrib\u00fator <a href=\"https:\/\/www.euromedia.cz\/\" rel=\"noopener noreferrer\" target=\"_blank\">Euromedia Group<\/a>, ktor\u00fd aj s\u00e1m vyd\u00e1va knihy pod zna\u010dkami <a href=\"http:\/\/www.odeon.cz\/\" rel=\"noopener noreferrer\" target=\"_blank\">Odeon<\/a>, <a href=\"https:\/\/www.ikar.cz\/\" rel=\"noopener noreferrer\" target=\"_blank\">Ikar<\/a> \u010di&nbsp;<a href=\"http:\/\/www.universum.cz\/\" rel=\"noopener noreferrer\" target=\"_blank\">Universum<\/a> a&nbsp;prev\u00e1dzkuje aj v\u00fdznamn\u00fd kn\u00edhkupeck\u00fd re\u0165azec <a href=\"https:\/\/www.luxor.cz\/\" rel=\"noopener noreferrer\" target=\"_blank\">Luxor<\/a>, sa&nbsp;ocitol vo&nbsp;v\u00e1\u017enych probl\u00e9moch. <\/p>\n<p><center><div class=\"gca-utility vertical-spacer\"><\/div>\n<blockquote class=\"twitter-tweet\">\n<p lang=\"cs\" dir=\"ltr\">Hroz\u00ed zhroucen\u00ed. Nakladatel\u00e9 a&nbsp;knihkupci \u017e\u00e1daj\u00ed o&nbsp;pomoc premi\u00e9ra Babi\u0161e <a href=\"https:\/\/t.co\/YwK7x9vJEQ\">https:\/\/t.co\/YwK7x9vJEQ<\/a><\/p>\n<p>&mdash; Aktu\u00e1ln\u011b.cz (@Aktualnecz) <a href=\"https:\/\/twitter.com\/Aktualnecz\/status\/1242745685826588677?ref_src=twsrc%5Etfw\">March 25, 2020<\/a><\/p><\/blockquote>\n<p> <script async src=\"https:\/\/platform.twitter.com\/widgets.js\" charset=\"utf-8\"><\/script><div class=\"gca-utility vertical-spacer\"><\/div><\/center><\/p>\n<p>Spolo\u010dnos\u0165 u\u017e&nbsp;minul\u00fd t\u00fd\u017ede\u0148 <a href=\"https:\/\/twitter.com\/JaroslavKmenta\/status\/1240686028643393537\" rel=\"noopener noreferrer\" target=\"_blank\">ozn\u00e1mila<\/a>, \u017ee&nbsp;pozastavuje platby tret\u00edm stran\u00e1m. Po&nbsp;panike, ktor\u00fa spr\u00e1va medzi jeho obchodn\u00fdmi partnermi vyvolala, napokon Euromedia svoje vyjadrenie <a href=\"https:\/\/www.idnes.cz\/kultura\/literatura\/euromedia-distribuce-knihy-literatura-koronavirus-zmeny-prodeje.A200320_121658_literatura_kiz\" rel=\"noopener noreferrer\" target=\"_blank\">miernila<\/a>. Na&nbsp;situ\u00e1cii v&nbsp;odvetv\u00ed sa&nbsp;v\u0161ak ni\u010d nezmenilo a&nbsp;nevyrie\u0161i ju vraj ani zru\u0161enie mimoriadnych opatren\u00ed s\u00favisiacich s&nbsp;pand\u00e9miou. <\/p>\n<p>Pod\u013ea listu, ktor\u00fd distrib\u00fatori, kn\u00edhkupci a&nbsp;vydavatelia zaslali \u010deskej vl\u00e1de, avizuj\u00fa mas\u00edvne prep\u00fa\u0161\u0165anie a&nbsp;pravdepodobn\u00e9 ukon\u010denie \u010dinnosti viacer\u00fdch spolo\u010dnost\u00ed bez oh\u013eadu na&nbsp;ich ve\u013ekos\u0165, ktor\u00e9 povedie ku&nbsp;kolapsu cel\u00e9ho odvetvia. Po&nbsp;vl\u00e1de po\u017eaduj\u00fa pln\u00fa n\u00e1hradu \u0161kody. <\/p>\n<p><em>\u201eSpolo\u010densk\u00e9 \u0161kody tak\u00e9hoto zr\u00fatenia sa&nbsp;bud\u00fa da\u0165 len \u0165a\u017eko vy\u010d\u00edsli\u0165,\u201c<\/em> apeluj\u00fa na&nbsp;premi\u00e9ra a&nbsp;upozor\u0148uj\u00fa na&nbsp;nezastupite\u013enos\u0165 kn\u00edh pre&nbsp;vzdelanos\u0165 a&nbsp;gramotnos\u0165 celej spolo\u010dnosti.<\/p>\n<p>\u010cesk\u00fd kni\u017en\u00fd trh pod\u013ea posledn\u00fdch \u00fadajov z&nbsp;roku 2018 nar\u00e1stol o&nbsp;tri percenta na&nbsp;8,3 miliardy \u010desk\u00e9ch kor\u00fan <em>(300 mili\u00f3nov eur)<\/em>. <\/p>\n<p>Pod list z\u00e1stupcov \u010desk\u00e9ho kni\u017en\u00e9ho priemyslu sa&nbsp;podp\u00edsali Euromedia Group, <a href=\"https:\/\/www.sckn.cz\/\" rel=\"noopener noreferrer\" target=\"_blank\">Svaz \u010desk\u00fdch knihkupc\u016f a&nbsp;nakladatel\u016f<\/a> aj spolo\u010dnosti <a href=\"https:\/\/www.albatrosmedia.cz\/\" rel=\"noopener noreferrer\" target=\"_blank\">Albatros Media<\/a>, <a href=\"https:\/\/www.knihydobrovsky.cz\/\" rel=\"noopener noreferrer\" target=\"_blank\">Dobrovsk\u00fd<\/a>, <a href=\"https:\/\/www.kosmas.cz\/\" rel=\"noopener noreferrer\" target=\"_blank\">Kosmas<\/a>, <a href=\"https:\/\/argo.cz\/\" rel=\"noopener noreferrer\" target=\"_blank\">Argo<\/a>, <a href=\"https:\/\/firma.kanzelsberger.cz\/\" rel=\"noopener noreferrer\" target=\"_blank\">Kanzelsberger<\/a>, <a href=\"http:\/\/www.pemic.cz\/\" rel=\"noopener noreferrer\" target=\"_blank\">Pemic Books<\/a> a&nbsp;<a href=\"https:\/\/www.knihcentrum.cz\/\" rel=\"noopener noreferrer\" target=\"_blank\">Knihcentrum<\/a>.<\/p>\n<p style=\"text-align: right;\"><small>&mdash;&nbsp;<a href=\"https:\/\/magazin.aktualne.cz\/kultura\/literatura\/nakladatele-knihkupci-babis-dopis\/r~0bdcc61c6e7611eab0f60cc47ab5f122\/\" target=\"_blank\" rel=\"noopener noreferrer\">Aktu\u00e1ln\u011b.cz<\/a> a&nbsp;<a href=\"https:\/\/addmedia.news\" target=\"_blank\" rel=\"noopener noreferrer\">Addmedia News<\/a><\/small><\/p>\n<div class=\"gca-utility clearfix\"><\/div>\n<div class=\"gca-utility vertical-spacer\"><\/div>\n<p><center><span class=\"fullscreen\"><a href=\"\/\/www.martinus.sk\/?z=WLGC7F&#038;utm_source=z%3DWLGC7F&#038;utm_medium=banner1_468x60&#038;utm_campaign=partner\"><img decoding=\"async\" src=\"\/\/www.martinus.sk\/images\/banners\/468x60_red.jpg\" alt=\"www.martinus.sk\" \/><\/a><\/span><\/center><\/p>\n","protected":false},"excerpt":{"rendered":"<p>V susednom \u010cesku sa&nbsp;r\u00faca doned\u00e1vna prosperuj\u00faci a&nbsp;ziskov\u00fd kni\u017en\u00fd trh, najv\u00e4\u010d\u0161\u00ed \u010desk\u00ed kn\u00edhkupci a&nbsp;vydavatelia o&nbsp;pomoc po\u017eiadali \u010desk\u00e9ho premi\u00e9ra Andreja Babi\u0161a. Ob\u00e1vaj\u00fa sa&nbsp;nen\u00e1vratn\u00e9ho p\u00e1du cel\u00e9ho kni\u017en\u00e9ho priemyslu v&nbsp;krajine, ktor\u00fd bude d\u00f4sledkom s\u00fa\u010dasn\u00e9ho kolapsu maloobchodnej siete. <a href=\"https:\/\/literarnenoviny.sk\/servis\/v-cesku-sa-ruca-knizny-trh-knihkupci-sa-obavaju-padu-celeho-knizneho-priemyslu\/\" class=\"more-link\">Cel\u00e1 spr\u00e1va <span class=\"meta-nav\">&rarr;<\/span><\/a><\/p>\n","protected":false},"author":2,"featured_media":0,"comment_status":"closed","ping_status":"closed","sticky":false,"template":"","format":"standard","meta":{"_links_to":"","_links_to_target":""},"categories":[1],"tags":[174,14,171,8,34],"_links":{"self":[{"href":"https:\/\/literarnenoviny.sk\/servis\/wp-json\/wp\/v2\/posts\/11686"}],"collection":[{"href":"https:\/\/literarnenoviny.sk\/servis\/wp-json\/wp\/v2\/posts"}],"about":[{"href":"https:\/\/literarnenoviny.sk\/servis\/wp-json\/wp\/v2\/types\/post"}],"author":[{"embeddable":true,"href":"https:\/\/literarnenoviny.sk\/servis\/wp-json\/wp\/v2\/users\/2"}],"replies":[{"embeddable":true,"href":"https:\/\/literarnenoviny.sk\/servis\/wp-json\/wp\/v2\/comments?post=11686"}],"version-history":[{"count":0,"href":"https:\/\/literarnenoviny.sk\/servis\/wp-json\/wp\/v2\/posts\/11686\/revisions"}],"wp:attachment":[{"href":"https:\/\/literarnenoviny.sk\/servis\/wp-json\/wp\/v2\/media?parent=11686"}],"wp:term":[{"taxonomy":"category","embeddable":true,"href":"https:\/\/literarnenoviny.sk\/servis\/wp-json\/wp\/v2\/categories?post=11686"},{"taxonomy":"post_tag","embeddable":true,"href":"https:\/\/literarnenoviny.sk\/servis\/wp-json\/wp\/v2\/tags?post=11686"}],"curies":[{"name":"wp","href":"https:\/\/api.w.org\/{rel}","templated":true}]}}