{"id":11431,"date":"2020-03-20T11:30:41","date_gmt":"2020-03-20T10:30:41","guid":{"rendered":"https:\/\/literarnenoviny.sk\/servis\/?p=11431"},"modified":"2020-04-21T20:02:59","modified_gmt":"2020-04-21T18:02:59","slug":"tohtorocne-ceske-knizne-ceny-magnesia-litera-sa-budu-udelovat-najskor-v-septembri","status":"publish","type":"post","link":"https:\/\/literarnenoviny.sk\/servis\/tohtorocne-ceske-knizne-ceny-magnesia-litera-sa-budu-udelovat-najskor-v-septembri\/","title":{"rendered":"Tohtoro\u010dn\u00e9 \u010desk\u00e9 kni\u017ene ceny Magnesia Litera sa&nbsp;bud\u00fa ude\u013eova\u0165 najsk\u00f4r v&nbsp;septembri"},"content":{"rendered":"<p><strong>Tohtoro\u010dn\u00e9 prest\u00ed\u017ene \u010desk\u00e9 kni\u017ene ceny Magnesia Litera sa&nbsp;bud\u00fa ude\u013eova\u0165 najsk\u00f4r na&nbsp;jese\u0148, pravdepodobne v&nbsp;septembri<\/strong>. V&nbsp;mene organiz\u00e1torov o&nbsp;tom informoval liter\u00e1rny kritik Pavel Mandys. <\/p>\n<p><em>\u201eNapriek tomu, \u017ee&nbsp;sme sa&nbsp;sna\u017eili vymyslie\u0165 funk\u010dn\u00e9 varianty vyhl\u00e1senia v\u00ed\u0165azov v&nbsp;p\u00f4vodnom term\u00edne, nakoniec sme museli ceremoni\u00e1l presun\u00fa\u0165 na&nbsp;jesenn\u00fd term\u00edn,\u201c<\/em> uviedol Pavel Mandys s&nbsp;t\u00fdm, \u017ee&nbsp;presn\u00fd d\u00e1tum ani miesto konania zatia\u013e nie je&nbsp;zn\u00e1me.<\/p>\n<p><center><div class=\"gca-utility vertical-spacer\"><\/div>\n<blockquote class=\"twitter-tweet\">\n<p lang=\"cs\" dir=\"ltr\">?Magnesia Litera bude a\u017e na&nbsp;podzim. P\u016fvodn\u011b vyhl\u00e1\u0161en\u00ed m\u011blo b\u00fdt 7.&nbsp;dubna na&nbsp;Nov\u00e9 sc\u00e9n\u011b N\u00e1rodn\u00edho divadla. <a href=\"https:\/\/t.co\/ZgGpLOsZjN\">https:\/\/t.co\/ZgGpLOsZjN<\/a><\/p>\n<p>&mdash; iROZHLAS.cz (@iROZHLAScz)<a href=\"https:\/\/twitter.com\/iROZHLAScz\/status\/1240772001108819969?ref_src=twsrc%5Etfw\">March 19, 2020<\/a><\/p><\/blockquote>\n<p> <script async src=\"https:\/\/platform.twitter.com\/widgets.js\" charset=\"utf-8\"><\/script>  <div class=\"gca-utility vertical-spacer\"><\/div><\/center><\/p>\n<p>Organiz\u00e1tori Magnesie Litery by v\u0161ak ceny, ktor\u00e9 mali by\u0165 p\u00f4vodne vyhl\u00e1sen\u00e9 v&nbsp;apr\u00edli, radi udelili v&nbsp;septembri. <\/p>\n<p>Hlasovanie v&nbsp;kateg\u00f3ri\u00e1ch Magnesia Blog roku a&nbsp;Kosmas cena \u010ditate\u013eov sa&nbsp;taktie\u017e predl\u017euje. Zru\u0161en\u00e9 autorsk\u00e9 \u010d\u00edtania nominovan\u00fdch titulov postupne nahradia audiovizu\u00e1lne z\u00e1znamy.<\/p>\n<p style=\"text-align: right;\"><small>&mdash;&nbsp;<a href=\"https:\/\/www.irozhlas.cz\/kultura\/literatura\/magnesia-litera-2020-vyhlaseni-cen-nominace_2003192340_ban\" target=\"_blank\" rel=\"noopener noreferrer\">\u010cesk\u00fd rozhlas<\/a> a&nbsp;<a href=\"https:\/\/addmedia.news\" target=\"_blank\" rel=\"noopener noreferrer\">Addmedia News<\/a><\/small><\/p>\n<div class=\"gca-utility clearfix\"><\/div>\n<div class=\"gca-utility vertical-spacer\"><\/div>\n<p><center><span class=\"fullscreen\"><a href=\"\/\/www.martinus.sk\/?z=WLGC7F&#038;utm_source=z%3DWLGC7F&#038;utm_medium=banner1_468x60&#038;utm_campaign=partner\"><img decoding=\"async\" src=\"\/\/www.martinus.sk\/images\/banners\/468x60_red.jpg\" alt=\"www.martinus.sk\" \/><\/a><\/span><\/center><\/p>\n","protected":false},"excerpt":{"rendered":"<p>Tohtoro\u010dn\u00e9 prest\u00ed\u017ene \u010desk\u00e9 kni\u017ene ceny Magnesia Litera sa&nbsp;bud\u00fa ude\u013eova\u0165 najsk\u00f4r na&nbsp;jese\u0148, pravdepodobne v&nbsp;septembri. V&nbsp;mene organiz\u00e1torov o&nbsp;tom informoval liter\u00e1rny kritik Pavel Mandys. Presn\u00fd d\u00e1tum ani miesto konania odlo\u017een\u00e9ho ceremoni\u00e1lu zatia\u013e nie je&nbsp;zn\u00e1me. <a href=\"https:\/\/literarnenoviny.sk\/servis\/tohtorocne-ceske-knizne-ceny-magnesia-litera-sa-budu-udelovat-najskor-v-septembri\/\" class=\"more-link\">Cel\u00e1 spr\u00e1va <span class=\"meta-nav\">&rarr;<\/span><\/a><\/p>\n","protected":false},"author":2,"featured_media":0,"comment_status":"closed","ping_status":"closed","sticky":false,"template":"","format":"standard","meta":{"_links_to":"","_links_to_target":""},"categories":[1],"tags":[21,171,52],"_links":{"self":[{"href":"https:\/\/literarnenoviny.sk\/servis\/wp-json\/wp\/v2\/posts\/11431"}],"collection":[{"href":"https:\/\/literarnenoviny.sk\/servis\/wp-json\/wp\/v2\/posts"}],"about":[{"href":"https:\/\/literarnenoviny.sk\/servis\/wp-json\/wp\/v2\/types\/post"}],"author":[{"embeddable":true,"href":"https:\/\/literarnenoviny.sk\/servis\/wp-json\/wp\/v2\/users\/2"}],"replies":[{"embeddable":true,"href":"https:\/\/literarnenoviny.sk\/servis\/wp-json\/wp\/v2\/comments?post=11431"}],"version-history":[{"count":0,"href":"https:\/\/literarnenoviny.sk\/servis\/wp-json\/wp\/v2\/posts\/11431\/revisions"}],"wp:attachment":[{"href":"https:\/\/literarnenoviny.sk\/servis\/wp-json\/wp\/v2\/media?parent=11431"}],"wp:term":[{"taxonomy":"category","embeddable":true,"href":"https:\/\/literarnenoviny.sk\/servis\/wp-json\/wp\/v2\/categories?post=11431"},{"taxonomy":"post_tag","embeddable":true,"href":"https:\/\/literarnenoviny.sk\/servis\/wp-json\/wp\/v2\/tags?post=11431"}],"curies":[{"name":"wp","href":"https:\/\/api.w.org\/{rel}","templated":true}]}}