{"id":11368,"date":"2020-03-19T17:20:48","date_gmt":"2020-03-19T16:20:48","guid":{"rendered":"https:\/\/literarnenoviny.sk\/servis\/?p=11368"},"modified":"2020-04-21T20:02:41","modified_gmt":"2020-04-21T18:02:41","slug":"prazsky-festival-svet-knihy-rusi-svoj-povodny-majovy-termin-bude-sa-konat-v-oktobri","status":"publish","type":"post","link":"https:\/\/literarnenoviny.sk\/servis\/prazsky-festival-svet-knihy-rusi-svoj-povodny-majovy-termin-bude-sa-konat-v-oktobri\/","title":{"rendered":"Pra\u017esk\u00fd festival Sv\u011bt knihy ru\u0161\u00ed svoj p\u00f4vodn\u00fd term\u00edn, bude sa&nbsp;kona\u0165 v&nbsp;okt\u00f3bri"},"content":{"rendered":"<p><strong>Pra\u017esk\u00fd liter\u00e1rny festival <a href=\"https:\/\/sk2020.svetknihy.cz\/\" rel=\"noopener noreferrer\" target=\"_blank\">Sv\u011bt knihy 2020<\/a> zru\u0161il svoj p\u00f4vodn\u00fd m\u00e1jov\u00fd term\u00edn, a&nbsp;bude sa&nbsp;kona\u0165 na&nbsp;jese\u0148 v&nbsp;okt\u00f3bri<\/strong>. Informovali o&nbsp;tom organiz\u00e1tori podujatia.<\/p>\n<p>Organiz\u00e1tori festivalu vo&nbsp;<a href=\"https:\/\/sk2020.svetknihy.cz\/cz\/nejdulezitejsi-odkazy\/press\/\" rel=\"noopener noreferrer\" target=\"_blank\">svojom stanovisku<\/a> uviedli, \u017ee&nbsp;v&nbsp;tejto chv\u00edli nie je&nbsp;re\u00e1lne, aby sa&nbsp;tak\u00e9 ve\u013ek\u00e9 podujatie konalo v&nbsp;m\u00e1ji. Aj keby podujatie \u00farady povolili, \u013eudia by sa&nbsp;vraj b\u00e1li na&nbsp;akcii z\u00fa\u010dastni\u0165. <em>\u201eNebolo by od&nbsp;n\u00e1s zodpovedn\u00e9,\u201c<\/em> dodali usporiadatelia.<\/p>\n<p><center><div class=\"gca-utility vertical-spacer\"><\/div><iframe loading=\"lazy\" src=\"https:\/\/www.facebook.com\/plugins\/post.php?href=https%3A%2F%2Fwww.facebook.com%2Fsvetknihypraha%2Fposts%2F3458141790868778&#038;width=500\" width=\"500\" height=\"280\" style=\"border:none;overflow:hidden\" scrolling=\"no\" frameborder=\"0\" allowTransparency=\"true\" allow=\"encrypted-media\"><\/iframe><div class=\"gca-utility vertical-spacer\"><\/div><\/center><\/p>\n<p>Tohtoro\u010dn\u00fd 26.&nbsp;ro\u010dn\u00edk medzin\u00e1rodn\u00e9ho kni\u017en\u00e9ho ve\u013etrhu <a href=\"https:\/\/sk2020.svetknihy.cz\/\" rel=\"noopener noreferrer\" target=\"_blank\">Sv\u011bt knihy<\/a> sa&nbsp;mal p\u00f4vodne kona\u0165 v&nbsp;term\u00edne od&nbsp;14.&nbsp;do&nbsp;17.&nbsp;m\u00e1ja na&nbsp;pra\u017eskom v\u00fdstavisku v&nbsp;Hole\u0161oviciach.<\/p>\n<p><em>\u201eV tejto chv\u00edli rob\u00edme v\u0161etky kroky k&nbsp;tomu, aby sa&nbsp;akcia konala v&nbsp;term\u00edne od&nbsp;8.&nbsp;do&nbsp;11.&nbsp;okt\u00f3bra 2020,\u201c<\/em> <a href=\"https:\/\/sk2020.svetknihy.cz\/cz\/nejdulezitejsi-odkazy\/press\/\" rel=\"noopener noreferrer\" target=\"_blank\">uviedol<\/a> riadite\u013e festivalu Sv\u011bt knihy Radovan Auer.<\/p>\n<p>Po konzult\u00e1ci\u00e1ch so&nbsp;zahrani\u010dn\u00fdmi kolegami aj odborn\u00edkmi sa&nbsp;organiz\u00e1tori zhodli, \u017ee&nbsp;je&nbsp;d\u00f4le\u017eit\u00e9, aby sa&nbsp;po&nbsp;skon\u010den\u00ed n\u00fadzov\u00fdch opatren\u00ed aj v&nbsp;t\u00fdchto zlo\u017eit\u00fdch \u010dasoch festival Sv\u011bt knihy konal a&nbsp;pripom\u00ednal v\u00fdznam kn\u00edh, literat\u00fary, \u010d\u00edtania a&nbsp;vzdelania.<\/p>\n<p>Po\u013esko ako \u010destn\u00fd hos\u0165 tohto ro\u010dn\u00edka festivalu jeho okt\u00f3brov\u00fd term\u00edn plne akceptuje a&nbsp;partnersk\u00e1 spolupr\u00e1ca s&nbsp;var\u0161avsk\u00fdm ve\u013etrhom bude \u010falej pokra\u010dova\u0165.<\/p>\n<p style=\"text-align: right;\"><small>&mdash;&nbsp;<a href=\"http:\/\/www.piaristi.cz\/cs\/projekt\/svet-knihy-praha-49\" target=\"_blank\" rel=\"noopener noreferrer\">Piaristi<\/a> a&nbsp;<a href=\"https:\/\/addmedia.news\" target=\"_blank\" rel=\"noopener noreferrer\">Addmedia News<\/a><\/p>\n<p><\/small><\/p>\n<div class=\"gca-utility clearfix\"><\/div>\n<div class=\"gca-utility vertical-spacer\"><\/div>\n<p><center><span class=\"fullscreen\"><a href=\"\/\/www.martinus.sk\/?z=WLGC7F&#038;utm_source=z%3DWLGC7F&#038;utm_medium=banner1_468x60&#038;utm_campaign=partner\"><img decoding=\"async\" src=\"\/\/www.martinus.sk\/images\/banners\/468x60_red.jpg\" alt=\"www.martinus.sk\" \/><\/a><\/span><\/center><\/p>\n","protected":false},"excerpt":{"rendered":"<p>Pra\u017esk\u00fd liter\u00e1rny festival Sv\u011bt knihy 2020 zru\u0161il svoj p\u00f4vodn\u00fd m\u00e1jov\u00fd term\u00edn, a&nbsp;bude sa&nbsp;kona\u0165 na&nbsp;jese\u0148 v&nbsp;okt\u00f3bri. Informovali o&nbsp;tom organiz\u00e1tori podujatia. <a href=\"https:\/\/literarnenoviny.sk\/servis\/prazsky-festival-svet-knihy-rusi-svoj-povodny-majovy-termin-bude-sa-konat-v-oktobri\/\" class=\"more-link\">Cel\u00e1 spr\u00e1va <span class=\"meta-nav\">&rarr;<\/span><\/a><\/p>\n","protected":false},"author":2,"featured_media":0,"comment_status":"closed","ping_status":"closed","sticky":false,"template":"","format":"standard","meta":{"_links_to":"","_links_to_target":""},"categories":[1],"tags":[15,171,100],"_links":{"self":[{"href":"https:\/\/literarnenoviny.sk\/servis\/wp-json\/wp\/v2\/posts\/11368"}],"collection":[{"href":"https:\/\/literarnenoviny.sk\/servis\/wp-json\/wp\/v2\/posts"}],"about":[{"href":"https:\/\/literarnenoviny.sk\/servis\/wp-json\/wp\/v2\/types\/post"}],"author":[{"embeddable":true,"href":"https:\/\/literarnenoviny.sk\/servis\/wp-json\/wp\/v2\/users\/2"}],"replies":[{"embeddable":true,"href":"https:\/\/literarnenoviny.sk\/servis\/wp-json\/wp\/v2\/comments?post=11368"}],"version-history":[{"count":0,"href":"https:\/\/literarnenoviny.sk\/servis\/wp-json\/wp\/v2\/posts\/11368\/revisions"}],"wp:attachment":[{"href":"https:\/\/literarnenoviny.sk\/servis\/wp-json\/wp\/v2\/media?parent=11368"}],"wp:term":[{"taxonomy":"category","embeddable":true,"href":"https:\/\/literarnenoviny.sk\/servis\/wp-json\/wp\/v2\/categories?post=11368"},{"taxonomy":"post_tag","embeddable":true,"href":"https:\/\/literarnenoviny.sk\/servis\/wp-json\/wp\/v2\/tags?post=11368"}],"curies":[{"name":"wp","href":"https:\/\/api.w.org\/{rel}","templated":true}]}}