{"id":1135,"date":"2017-10-15T18:53:15","date_gmt":"2017-10-15T16:53:15","guid":{"rendered":"https:\/\/literarnenoviny.sk\/servis\/?p=1135"},"modified":"2020-10-15T22:06:41","modified_gmt":"2020-10-15T20:06:41","slug":"vo-veku-70-rokov-zomrel-v-prahe-spolumajitel-dennika-sme-peter-vajda","status":"publish","type":"post","link":"https:\/\/literarnenoviny.sk\/servis\/vo-veku-70-rokov-zomrel-v-prahe-spolumajitel-dennika-sme-peter-vajda\/","title":{"rendered":"Vo veku 70 rokov zomrel v&nbsp;Prahe spolumajite\u013e denn\u00edka SME Peter Vajda"},"content":{"rendered":"<p><strong>V nede\u013eu r\u00e1no zomrel v&nbsp;Prahe po&nbsp;v\u00e1\u017enej chorobe vo&nbsp;veku 70 rokov <a href=\"https:\/\/komentare.sme.sk\/c\/20672856\/zomrel-spoluzakladatel-a-spolumajitel-dennika-sme-peter-vajda.html\" rel=\"noopener noreferrer\" target=\"_blank\">Peter Vajda<\/a>, spoluzakladate\u013e a&nbsp;spolumajite\u013e denn\u00edka SME<\/strong>.<\/p>\n<p>Peter Vajda sa&nbsp;narodil 7.&nbsp;apr\u00edla 1947 v&nbsp;Bratislave. Absolvoval Strojn\u00edcku fakultu SV\u0160T, postgradu\u00e1lne \u0161tudoval a&nbsp;a\u0161pirant\u00faru ukon\u010dil na&nbsp;V\u0160E. V&nbsp;roku 1991 zalo\u017eil s&nbsp;partnermi Prv\u00fa slovensk\u00fa investi\u010dn\u00fa spolo\u010dnos\u0165, ktor\u00e1 bola naj\u00faspe\u0161nej\u0161ou spolo\u010dnos\u0165ou v&nbsp;kup\u00f3novej privatiz\u00e1cii. <\/p>\n<p>Podnikal v&nbsp;oblasti financi\u00ed, m\u00e9di\u00ed, nehnute\u013enost\u00ed a&nbsp;re\u0161trukturaliz\u00e1ci\u00ed podnikov.<\/p>\n<p style=\"text-align: right;\"><small><a href=\"https:\/\/komentare.sme.sk\/c\/20672856\/zomrel-spoluzakladatel-a-spolumajitel-dennika-sme-peter-vajda.html\" target=\"_blank\" rel=\"noopener noreferrer\">SME<\/a><\/small><\/p>\n","protected":false},"excerpt":{"rendered":"<p>V nede\u013eu r\u00e1no zomrel v&nbsp;Prahe po&nbsp;v\u00e1\u017enej chorobe vo&nbsp;veku 70 rokov Peter Vajda, spoluzakladate\u013e a&nbsp;spolumajite\u013e denn\u00edka SME. <a href=\"https:\/\/literarnenoviny.sk\/servis\/vo-veku-70-rokov-zomrel-v-prahe-spolumajitel-dennika-sme-peter-vajda\/\" class=\"more-link\">Cel\u00e1 spr\u00e1va <span class=\"meta-nav\">&rarr;<\/span><\/a><\/p>\n","protected":false},"author":2,"featured_media":0,"comment_status":"closed","ping_status":"closed","sticky":false,"template":"","format":"standard","meta":{"_links_to":"","_links_to_target":""},"categories":[1],"tags":[3,33,209,34],"_links":{"self":[{"href":"https:\/\/literarnenoviny.sk\/servis\/wp-json\/wp\/v2\/posts\/1135"}],"collection":[{"href":"https:\/\/literarnenoviny.sk\/servis\/wp-json\/wp\/v2\/posts"}],"about":[{"href":"https:\/\/literarnenoviny.sk\/servis\/wp-json\/wp\/v2\/types\/post"}],"author":[{"embeddable":true,"href":"https:\/\/literarnenoviny.sk\/servis\/wp-json\/wp\/v2\/users\/2"}],"replies":[{"embeddable":true,"href":"https:\/\/literarnenoviny.sk\/servis\/wp-json\/wp\/v2\/comments?post=1135"}],"version-history":[{"count":0,"href":"https:\/\/literarnenoviny.sk\/servis\/wp-json\/wp\/v2\/posts\/1135\/revisions"}],"wp:attachment":[{"href":"https:\/\/literarnenoviny.sk\/servis\/wp-json\/wp\/v2\/media?parent=1135"}],"wp:term":[{"taxonomy":"category","embeddable":true,"href":"https:\/\/literarnenoviny.sk\/servis\/wp-json\/wp\/v2\/categories?post=1135"},{"taxonomy":"post_tag","embeddable":true,"href":"https:\/\/literarnenoviny.sk\/servis\/wp-json\/wp\/v2\/tags?post=1135"}],"curies":[{"name":"wp","href":"https:\/\/api.w.org\/{rel}","templated":true}]}}