{"id":11334,"date":"2020-03-17T19:10:33","date_gmt":"2020-03-17T18:10:33","guid":{"rendered":"https:\/\/literarnenoviny.sk\/servis\/?p=11334"},"modified":"2020-10-31T11:40:39","modified_gmt":"2020-10-31T10:40:39","slug":"vo-veku-77-rokov-zomrel-rusky-spisovatel-buric-a-lavicovy-radikal-eduard-limonov","status":"publish","type":"post","link":"https:\/\/literarnenoviny.sk\/servis\/vo-veku-77-rokov-zomrel-rusky-spisovatel-buric-a-lavicovy-radikal-eduard-limonov\/","title":{"rendered":"Vo veku 77 rokov zomrel rusk\u00fd spisovate\u013e, buri\u010d a&nbsp;\u013eavicov\u00fd radik\u00e1l Eduard Limonov"},"content":{"rendered":"<p><strong>Vo veku 77 rokov zomrel rusk\u00fd b\u00e1snik, niekdaj\u0161\u00ed sovietsky undergroundov\u00fd buri\u010d a&nbsp;\u013eavicov\u00fd radik\u00e1l <a href=\"https:\/\/en.wikipedia.org\/wiki\/Eduard_Limonov\" rel=\"noopener noreferrer\" target=\"_blank\">Eduard Limonov<\/a><\/strong>. Inform\u00e1ciu o&nbsp;spisovate\u013eovej smrti rusk\u00e9mu serveru <a href=\"https:\/\/meduza.io\/news\/2020\/03\/17\/umer-eduard-limonov\" rel=\"noopener noreferrer\" target=\"_blank\">Meduza<\/a> potvrdila neziskov\u00e1 organiz\u00e1cia <a href=\"https:\/\/ru.wikipedia.org\/wiki\/\u0414\u0440\u0443\u0433\u0430\u044f_\u0420\u043e\u0441\u0441\u0438\u044f_(\u043f\u0430\u0440\u0442\u0438\u044f)\" rel=\"noopener noreferrer\" target=\"_blank\">In\u00e9 Rusko<\/a>, s&nbsp;ktorou autor \u00fazko spolupracoval.<\/p>\n<p>Eduard Limonov sa&nbsp;presl\u00e1vil najm\u00e4 rom\u00e1nom, ktor\u00fd v&nbsp;\u010de\u0161tine vy\u0161iel pod n\u00e1zvom <em><strong><a href=\"https:\/\/www.martinus.sk\/?uItem=148027&#038;z=WLGC7F&#038;utm_source=z%3DWLGC7F&#038;utm_medium=url&#038;utm_campaign=partner\" rel=\"noopener noreferrer\" target=\"_blank\">To jsem j\u00e1, Ed\u00e1\u010dek<\/a><\/strong> (\u042d\u0442\u043e \u044f, \u042d\u0434\u0438\u0447\u043a\u0430, 1979)<\/em>. Autor v&nbsp;\u0148om opisuje svoje sk\u00fasenosti z&nbsp;emigr\u00e1cie v&nbsp;Spojen\u00fdch \u0161t\u00e1toch. <\/p>\n<p><center><div class=\"gca-utility vertical-spacer\"><\/div>\n<blockquote class=\"twitter-tweet\">\n<p lang=\"ru\" dir=\"ltr\">\u0423\u043c\u0435\u0440 \u043f\u0438\u0441\u0430\u0442\u0435\u043b\u044c \u042d\u0434\u0443\u0430\u0440\u0434 \u041b\u0438\u043c\u043e\u043d\u043e\u0432. \u0415\u043c\u0443 \u0431\u044b\u043b\u043e 77 \u043b\u0435\u0442.<br \/>\u00ab\u0412 \u043d\u0430\u0448\u0438 \u0434\u043d\u0438 \u0441\u043b\u0435\u0434\u0443\u0435\u0442 \u0431\u044b\u0442\u044c \u00ab\u043a\u0443\u043b\u00bb \u2014 \u0441\u043c\u0435\u0440\u0442\u0435\u043b\u044c\u043d\u043e \u0441\u043f\u043e\u043a\u043e\u0439\u043d\u044b\u043c. \u0418, \u0440\u0430\u0441\u0441\u0442\u0430\u0432\u0430\u044f\u0441\u044c \u043d\u0430\u0432\u0435\u043a\u0438 \u0441\u043b\u0435\u0434\u0443\u0435\u0442 \u043e\u0433\u0440\u0430\u043d\u0438\u0447\u0438\u0442\u044c\u0441\u044f \u043a\u043e\u0440\u043e\u0442\u043a\u0438\u043c \u00ab\u043f\u043e\u043a\u0430!\u00bb. <a href=\"https:\/\/t.co\/UygeRz5mlP\">pic.twitter.com\/UygeRz5mlP<\/a><\/p>\n<p>&mdash; \u0414\u0438\u043b\u0435\u0442\u0430\u043d\u0442 (@diletant_media) <a href=\"https:\/\/twitter.com\/diletant_media\/status\/1239969703293906954?ref_src=twsrc%5Etfw\">March 17, 2020<\/a><\/p><\/blockquote>\n<p> <script async src=\"https:\/\/platform.twitter.com\/widgets.js\" charset=\"utf-8\"><\/script><div class=\"gca-utility vertical-spacer\"><\/div><\/center><\/p>\n<p>Spisovate\u013e, ktor\u00fd  sa&nbsp;narodil v&nbsp;rodine d\u00f4stojn\u00edka KGB, emigroval v&nbsp;sedemdesiatych rokoch minul\u00e9ho storo\u010dia. Ist\u00fd \u010das \u017eil v&nbsp;New Yorku, nesk\u00f4r sa&nbsp;usadil vo&nbsp;Franc\u00fazsku, kde v&nbsp;roku 1987 z\u00edskal aj ob\u010dianstvo.<\/p>\n<p>Po rozpade Sovietskeho zv\u00e4zu sa&nbsp;Limonov vr\u00e1til do&nbsp;Ruska, dal sa&nbsp;na&nbsp;politiku a&nbsp;dva roky str\u00e1vil vo&nbsp;v\u00e4zen\u00ed. Patril k&nbsp;vodcom protiputinovskej opoz\u00edcie. Po&nbsp;anexii Krymu v&nbsp;roku 2014 v\u0161ak Limonov vyjadril rusk\u00e9mu prezidentovi \u010diasto\u010dn\u00fa podporu a&nbsp;zdie\u013eal aj niektor\u00e9 jeho my\u0161lienky o&nbsp;ve\u013ekom Rusku. Nacion\u00e1lno-bo\u013e\u0161evick\u00fa stranu Ruska, v&nbsp;ktorej sa&nbsp;Eduard Limonov anga\u017eoval, napokon \u00farady zak\u00e1zali.<\/p>\n<p>Limonovov najzn\u00e1mej\u0161\u00ed emigrantsk\u00fd rom\u00e1n <em><strong><a href=\"https:\/\/www.martinus.sk\/?uItem=148027&#038;z=WLGC7F&#038;utm_source=z%3DWLGC7F&#038;utm_medium=url&#038;utm_campaign=partner\" rel=\"noopener noreferrer\" target=\"_blank\">To jsem j\u00e1, Ed\u00e1\u010dek<\/a><\/strong> (\u042d\u0442\u043e \u044f, \u042d\u0434\u0438\u0447\u043a\u0430)<\/em> vy\u0161iel v&nbsp;susednom \u010cesku u\u017e&nbsp;dvakr\u00e1t. Najprv roku 1994 a&nbsp;nesk\u00f4r aj v&nbsp;roku 2013. <em>\u201ePr\u00e1ve americk\u00e1 sk\u00fasenos\u0165 nasadila ostrohy jeho \u017eiveln\u00e9mu \u013eavi\u010diarstvu,\u201c<\/em> uviedlo pri druhom vydan\u00ed rom\u00e1nu vydavate\u013estvo Paseka.<\/p>\n<p>Tento rok sa&nbsp;na&nbsp;pulty kn\u00edhkupectiev dostal aj \u010desk\u00fd preklad Limonovovej knihy <em><strong><a href=\"https:\/\/www.martinus.sk\/?uItem=719205&#038;z=WLGC7F&#038;utm_source=z%3DWLGC7F&#038;utm_medium=url&#038;utm_campaign=partner\" rel=\"noopener noreferrer\" target=\"_blank\">Posv\u00e1tn\u00e1 monstra<\/a><\/strong> (\u0421\u0432\u044f\u0449\u0435\u043d\u043d\u044b\u0435 \u043c\u043e\u043d\u0441\u0442\u0440\u044b, 2004)<\/em>, s&nbsp;viac ako 50 profilmi osobnost\u00ed svetovej literat\u00fary, politiky a&nbsp;kontrakult\u00fary.<\/p>\n<p>Boh\u00e9mskemu a&nbsp;politick\u00e9mu \u017eivotu Eduarda Limonova sa&nbsp;venoval aj franc\u00fazsky spisovate\u013e <a href=\"https:\/\/en.wikipedia.org\/wiki\/Emmanuel_Carr%C3%A8re\" rel=\"noopener noreferrer\" target=\"_blank\">Emmanuel Carr\u00e8r<\/a>. Jeho kniha <em><strong><a href=\"https:\/\/www.martinus.sk\/?uItem=158102&#038;z=WLGC7F&#038;utm_source=z%3DWLGC7F&#038;utm_medium=url&#038;utm_campaign=partner\" rel=\"noopener noreferrer\" target=\"_blank\">Limonov<\/a><\/strong> (2011)<\/em> z\u00edskala prest\u00ed\u017enu Renaudotovu cenu.<\/p>\n<p style=\"text-align: right;\"><small>&mdash;&nbsp;<a href=\"https:\/\/meduza.io\/news\/2020\/03\/17\/umer-eduard-limonov\" target=\"_blank\" rel=\"noopener noreferrer\">Meduza<\/a><\/small><\/p>\n<div class=\"gca-utility clearfix\"><\/div>\n<div class=\"gca-utility vertical-spacer\"><\/div>\n<p><center><span class=\"fullscreen\"><script type=\"text\/javascript\" src=\"\/\/partner.mrtns.eu\/banners\/banner.js?type=banner&#038;brand_id=1&#038;uItem=148027&#038;size=full&#038;show_price=0&#038;color=orange&#038;z=WLGC7F\"><\/script><\/center><\/p>\n","protected":false},"excerpt":{"rendered":"<p>Vo veku 77 rokov zomrel rusk\u00fd b\u00e1snik, niekdaj\u0161\u00ed sovietsky undergroundov\u00fd buri\u010d a&nbsp;\u013eavicov\u00fd radik\u00e1l Eduard Limonov. Inform\u00e1ciu o&nbsp;spisovate\u013eovej smrti rusk\u00e9mu serveru Meduza potvrdila neziskov\u00e1 organiz\u00e1cia In\u00e9 Rusko, s&nbsp;ktorou autor \u00fazko spolupracoval. <a href=\"https:\/\/literarnenoviny.sk\/servis\/vo-veku-77-rokov-zomrel-rusky-spisovatel-buric-a-lavicovy-radikal-eduard-limonov\/\" class=\"more-link\">Cel\u00e1 spr\u00e1va <span class=\"meta-nav\">&rarr;<\/span><\/a><\/p>\n","protected":false},"author":2,"featured_media":0,"comment_status":"closed","ping_status":"closed","sticky":false,"template":"","format":"standard","meta":{"_links_to":"","_links_to_target":""},"categories":[1],"tags":[160,14,3,76,209,73],"_links":{"self":[{"href":"https:\/\/literarnenoviny.sk\/servis\/wp-json\/wp\/v2\/posts\/11334"}],"collection":[{"href":"https:\/\/literarnenoviny.sk\/servis\/wp-json\/wp\/v2\/posts"}],"about":[{"href":"https:\/\/literarnenoviny.sk\/servis\/wp-json\/wp\/v2\/types\/post"}],"author":[{"embeddable":true,"href":"https:\/\/literarnenoviny.sk\/servis\/wp-json\/wp\/v2\/users\/2"}],"replies":[{"embeddable":true,"href":"https:\/\/literarnenoviny.sk\/servis\/wp-json\/wp\/v2\/comments?post=11334"}],"version-history":[{"count":0,"href":"https:\/\/literarnenoviny.sk\/servis\/wp-json\/wp\/v2\/posts\/11334\/revisions"}],"wp:attachment":[{"href":"https:\/\/literarnenoviny.sk\/servis\/wp-json\/wp\/v2\/media?parent=11334"}],"wp:term":[{"taxonomy":"category","embeddable":true,"href":"https:\/\/literarnenoviny.sk\/servis\/wp-json\/wp\/v2\/categories?post=11334"},{"taxonomy":"post_tag","embeddable":true,"href":"https:\/\/literarnenoviny.sk\/servis\/wp-json\/wp\/v2\/tags?post=11334"}],"curies":[{"name":"wp","href":"https:\/\/api.w.org\/{rel}","templated":true}]}}