{"id":11321,"date":"2020-03-12T09:15:18","date_gmt":"2020-03-12T08:15:18","guid":{"rendered":"https:\/\/literarnenoviny.sk\/servis\/?p=11321"},"modified":"2020-10-15T22:06:35","modified_gmt":"2020-10-15T20:06:35","slug":"vo-veku-89-rokov-zomrel-cesky-novinar-a-autor-knih-pre-deti-zdenek-karel-slaby","status":"publish","type":"post","link":"https:\/\/literarnenoviny.sk\/servis\/vo-veku-89-rokov-zomrel-cesky-novinar-a-autor-knih-pre-deti-zdenek-karel-slaby\/","title":{"rendered":"Vo veku 89 rokov zomrel \u010desk\u00fd novin\u00e1r a&nbsp;autor kn\u00edh pre&nbsp;deti Zden\u011bk Karel Slab\u00fd"},"content":{"rendered":"<p><strong>Vo veku 89 rokov zomrel \u010desk\u00fd novin\u00e1r a&nbsp;autor kn\u00edh pre&nbsp;deti <a href=\"https:\/\/cs.wikipedia.org\/wiki\/_Karel_Slab\u00fd\">Zden\u011bk Karel Slab\u00fd<\/a><\/strong>. Spolo\u010dne so&nbsp;svojou man\u017eelkou Dagmar Lhotovou vytvorili postavu o&nbsp;<a href=\"https:\/\/www.martinus.sk\/?uItem=241097&#038;z=WLGC7F&#038;utm_source=z%3DWLGC7F&#038;utm_medium=url&#038;utm_campaign=partner\" rel=\"noopener noreferrer\" target=\"_blank\">koc\u00fara Vav\u0159inca<\/a>, ktor\u00e9ho dobre  poznaj\u00fa v\u0161etky deti \u017eij\u00face za&nbsp;riekou Moravou. O&nbsp;jeho \u00famrt\u00ed informoval spisovate\u013eov syn na&nbsp;Facebooku.<\/p>\n<p>Detsk\u00e9 pr\u00edbehy o&nbsp;koc\u00farovi Vav\u0159incovi vo\u013ene nadv\u00e4zovali na&nbsp;l\u00e1skav\u00fd humor aj na&nbsp;Slovensku zn\u00e1mych autorov <a href=\"https:\/\/cs.wikipedia.org\/wiki\/Josef_Lada\" rel=\"noopener noreferrer\" target=\"_blank\">Josefa Ladu<\/a> a&nbsp;<a href=\"https:\/\/sk.wikipedia.org\/wiki\/Ond\u0159ej_Sekora\" rel=\"noopener noreferrer\" target=\"_blank\">Ond\u0159eja Sekoru<\/a>.<\/p>\n<p><center><div class=\"gca-utility vertical-spacer\"><\/div>\n<blockquote class=\"twitter-tweet\">\n<p lang=\"cs\" dir=\"ltr\">Zden\u011bk Karel Slab\u00fd ode\u0161el do&nbsp;nebyt\u00ed 11.3.<br \/>Vrcholem \u201eSlab\u00e9ho s\u00edly\u201c, se kterou um\u011bl uhranout d\u011btsk\u00e9ho \u010dten\u00e1\u0159e, se stal Poh\u00e1dkov\u00fd detektiv B\u0159etislav Hostiv\u00edt a&nbsp;komiks kocoura Vav\u0159ince, kozla Spytihn\u011bva, fenky Otylky a&nbsp;\u010dun\u00edka Mojm\u00edra, kter\u00fd vysnil s&nbsp;Dagmar Lhotovou. <a href=\"https:\/\/t.co\/rVV54OVJQH\">pic.twitter.com\/rVV54OVJQH<\/a><\/p>\n<p>&mdash; \u010c\u00edt\u00e1rny Knihy (@citarnyknihy) <a href=\"https:\/\/twitter.com\/citarnyknihy\/status\/1238903626166394881?ref_src=twsrc%5Etfw\">March 14, 2020<\/a><\/p><\/blockquote>\n<p> <script async src=\"https:\/\/platform.twitter.com\/widgets.js\" charset=\"utf-8\"><\/script><div class=\"gca-utility vertical-spacer\"><\/div><\/center><\/p>\n<p>Zden\u011bk Karel Slab\u00fd ako kni\u017en\u00fd editor pripravil na&nbsp;vydanie diela \u010desk\u00e9ho spisovate\u013ea <a href=\"https:\/\/cs.wikipedia.org\/wiki\/Karel_Pol\u00e1\u010dek\" rel=\"noopener noreferrer\" target=\"_blank\">Karla Pol\u00e1\u010dka<\/a> \u010di&nbsp;b\u00e1snika <a href=\"https:\/\/cs.wikipedia.org\/wiki\/Konstantin_Biebl\" rel=\"noopener noreferrer\" target=\"_blank\">Konstantina Biebla<\/a>, o&nbsp;ktorom nap\u00edsal aj svoju diplomov\u00fa pr\u00e1cu.<\/p>\n<p>V p\u00e4\u0165desiatych rokoch minul\u00e9ho storo\u010dia bol redaktorom a&nbsp;nesk\u00f4r v&nbsp;rokoch 1968 a\u017e 1971 aj \u0161\u00e9fredaktorom kritickej revue pre&nbsp;detsk\u00fa literat\u00faru a&nbsp;umenie <a href=\"http:\/\/www.slovnikceskeliteratury.cz\/showContent.jsp?docId=241\" rel=\"noopener noreferrer\" target=\"_blank\">Zlat\u00fd m\u00e1j<\/a>. Po\u010das normaliz\u00e1cie p\u00f4sobil ako dramaturg divadla a&nbsp;gal\u00e9rie Albatros. <\/p>\n<p>Po roku 1989 sa&nbsp;spisovate\u013e e\u0161te nakr\u00e1tko do&nbsp;\u010dela Zlat\u00e9ho m\u00e1ja vr\u00e1til. Bol tie\u017e podpredsedom Klubu literat\u00fary pre&nbsp;ml\u00e1de\u017e. <\/p>\n<p>Zden\u011bk Karel Slab\u00fd, ktor\u00fd po\u010das svojho \u017eivota nap\u00edsal viac ako 30 detsk\u00fdch kn\u00edh, v&nbsp;ostatn\u00fdch rokoch p\u00edsal o&nbsp;hudbe pre&nbsp;magaz\u00edny <a href=\"https:\/\/www.magazinuni.cz\/\" rel=\"noopener noreferrer\" target=\"_blank\">UNI<\/a> a&nbsp;<a href=\"https:\/\/www.hisvoice.cz\/\" rel=\"noopener noreferrer\" target=\"_blank\">HIS Voice<\/a>.<\/p>\n<p style=\"text-align: right;\"><small>&mdash;&nbsp;<a href=\"https:\/\/www.facebook.com\/zdenek.slaby.16\/posts\/10216139485224046\" target=\"_blank\" rel=\"noopener noreferrer\">Autorov\u00e1 facebookov\u00e1 str\u00e1nka<\/a><\/small><\/p>\n<div class=\"gca-utility clearfix\"><\/div>\n<div class=\"gca-utility vertical-spacer\"><\/div>\n<p><center><span class=\"fullscreen\"><script type=\"text\/javascript\" src=\"\/\/partner.mrtns.eu\/banners\/banner.js?type=banner&#038;brand_id=1&#038;uItem=241097&#038;size=full&#038;show_price=0&#038;color=green&#038;z=WLGC7F\"><\/script><\/center><\/p>\n","protected":false},"excerpt":{"rendered":"<p>Vo veku 89 rokov zomrel \u010desk\u00fd novin\u00e1r, prekladate\u013e a&nbsp;autor kn\u00edh pre&nbsp;deti Zden\u011bk Karel Slab\u00fd. Ten spolo\u010dne so&nbsp;svojou man\u017eelkou Dagmar Lhotovou vytvorili postavu o&nbsp;koc\u00fara Vav\u0159inca, ktor\u00e9ho dobre  poznaj\u00fa v\u0161etky deti \u017eij\u00face za&nbsp;riekou Moravou. O&nbsp;spisovate\u013eom \u00famrt\u00ed informoval jeho syn na&nbsp;Facebooku. <a href=\"https:\/\/literarnenoviny.sk\/servis\/vo-veku-89-rokov-zomrel-cesky-novinar-a-autor-knih-pre-deti-zdenek-karel-slaby\/\" class=\"more-link\">Cel\u00e1 spr\u00e1va <span class=\"meta-nav\">&rarr;<\/span><\/a><\/p>\n","protected":false},"author":2,"featured_media":0,"comment_status":"closed","ping_status":"closed","sticky":false,"template":"","format":"standard","meta":{"_links_to":"","_links_to_target":""},"categories":[1],"tags":[166,64,14,3,209],"_links":{"self":[{"href":"https:\/\/literarnenoviny.sk\/servis\/wp-json\/wp\/v2\/posts\/11321"}],"collection":[{"href":"https:\/\/literarnenoviny.sk\/servis\/wp-json\/wp\/v2\/posts"}],"about":[{"href":"https:\/\/literarnenoviny.sk\/servis\/wp-json\/wp\/v2\/types\/post"}],"author":[{"embeddable":true,"href":"https:\/\/literarnenoviny.sk\/servis\/wp-json\/wp\/v2\/users\/2"}],"replies":[{"embeddable":true,"href":"https:\/\/literarnenoviny.sk\/servis\/wp-json\/wp\/v2\/comments?post=11321"}],"version-history":[{"count":0,"href":"https:\/\/literarnenoviny.sk\/servis\/wp-json\/wp\/v2\/posts\/11321\/revisions"}],"wp:attachment":[{"href":"https:\/\/literarnenoviny.sk\/servis\/wp-json\/wp\/v2\/media?parent=11321"}],"wp:term":[{"taxonomy":"category","embeddable":true,"href":"https:\/\/literarnenoviny.sk\/servis\/wp-json\/wp\/v2\/categories?post=11321"},{"taxonomy":"post_tag","embeddable":true,"href":"https:\/\/literarnenoviny.sk\/servis\/wp-json\/wp\/v2\/tags?post=11321"}],"curies":[{"name":"wp","href":"https:\/\/api.w.org\/{rel}","templated":true}]}}