{"id":11104,"date":"2020-03-01T21:40:18","date_gmt":"2020-03-01T20:40:18","guid":{"rendered":"https:\/\/literarnenoviny.sk\/servis\/?p=11104"},"modified":"2020-10-15T22:06:35","modified_gmt":"2020-10-15T20:06:35","slug":"vo-veku-95-rokov-zomrel-nikaragujsky-revolucny-basnik-a-knaz-ernesto-cardenal","status":"publish","type":"post","link":"https:\/\/literarnenoviny.sk\/servis\/vo-veku-95-rokov-zomrel-nikaragujsky-revolucny-basnik-a-knaz-ernesto-cardenal\/","title":{"rendered":"Vo veku 95 rokov zomrel nikaragujsk\u00fd revolu\u010dn\u00fd b\u00e1snik a&nbsp;k\u0148az Ernesto Cardenal"},"content":{"rendered":"<p><strong>Vo veku 95 rokov zomrel nikaragujsk\u00fd revolu\u010dn\u00fd b\u00e1snik, aktivista, katol\u00edcky k\u0148az a&nbsp;teol\u00f3g oslobodenia <a href=\"https:\/\/cs.wikipedia.org\/wiki\/Ernesto_Cardenal\" rel=\"noopener noreferrer\" target=\"_blank\">Ernesto Cardenal<\/a><\/strong>, ktor\u00fd sa&nbsp;v&nbsp;tejto stredoamerickej krajine stal symbolom revolu\u010dnej po\u00e9zie. O&nbsp;b\u00e1snikovej smrti informoval jeho dlhoro\u010dn\u00fd asistent Luz Marina Acosta. Nikaragujsk\u00fd prezident <a href=\"https:\/\/sk.wikipedia.org\/wiki\/Daniel_Ortega\" rel=\"noopener noreferrer\" target=\"_blank\">Daniel Ortega<\/a> vyhl\u00e1sil v&nbsp;krajine trojd\u0148ov\u00fd \u0161t\u00e1tny sm\u00fatok.<\/p>\n<p>Autor zbierok ako <em><strong>Nult\u00e1 hodina<\/strong> (Hora 0, 1957)<\/em> \u010di&nbsp;<em><strong>Epigramy<\/strong> (Epigramas, 1961)<\/em>, poch\u00e1dzal zo&nbsp;z\u00e1mo\u017enej rodiny z&nbsp;koloni\u00e1lnej metropoly Granada a&nbsp;patril k&nbsp;najv\u00fdznamnej\u0161\u00edm nikaragujsk\u00fdm b\u00e1snikom. Jeho pr\u00edbuzn\u00fdm bol spisovate\u013e <a href=\"https:\/\/es.wikipedia.org\/wiki\/Pablo_Antonio_Cuadra\" rel=\"noopener noreferrer\" target=\"_blank\">Pablo Antonio Cuadra<\/a>.<\/p>\n<p><center><div class=\"gca-utility vertical-spacer\"><\/div>\n<blockquote class=\"twitter-tweet\">\n<p lang=\"es\" dir=\"ltr\">\u00daltima hora : Fallece el poeta nicarag\u00fcense Ernesto Cardenal, figura clave de&nbsp;la Teolog\u00eda de&nbsp;la Liberaci\u00f3n<a href=\"https:\/\/t.co\/gdr4mkrkLq\">https:\/\/t.co\/gdr4mkrkLq<\/a><\/p>\n<p>&mdash; El Pa\u00eds Cultura (@elpais_cultura) <a href=\"https:\/\/twitter.com\/elpais_cultura\/status\/1234235658891296768?ref_src=twsrc%5Etfw\">March 1, 2020<\/a><\/p><\/blockquote>\n<p> <script async src=\"https:\/\/platform.twitter.com\/widgets.js\" charset=\"utf-8\"><\/script><div class=\"gca-utility vertical-spacer\"><\/div><\/center><\/p>\n<p>Ernesto Cardenal sa&nbsp;zaoberal \u013eavicovou teol\u00f3giou oslobodenia, ktor\u00e1 sa&nbsp;v&nbsp;60.&nbsp;rokoch roz\u0161\u00edrila po&nbsp;celej Latinskej Amerike. Hnutie sa&nbsp;zameriavalo na&nbsp;starostlivos\u0165 o&nbsp;chudobn\u00fdch a&nbsp;pomoc utl\u00e1\u010dan\u00fdm.<\/p>\n<p>Na <a href=\"https:\/\/en.wikipedia.org\/wiki\/Solentiname_Islands\" rel=\"noopener noreferrer\" target=\"_blank\">Solentinamsk\u00fdch ostrovoch<\/a> jazera Nikaragua zalo\u017eil Cardenal v&nbsp;roku 1966 komunitu ro\u013en\u00edkov, b\u00e1snikov a&nbsp;maliarov. T\u00ed tvorili opoz\u00edciu vo\u010di diktat\u00fare <a href=\"https:\/\/sk.wikipedia.org\/wiki\/Anastasio_Somoza_Debayle\" rel=\"noopener noreferrer\" target=\"_blank\">Anastasia Somozu Debayleho<\/a>, ktor\u00e9ho v&nbsp;roku 1979 sandinistick\u00ed povstalci zvrhli.<\/p>\n<p>Nikaragujsk\u00fa <a href=\"https:\/\/sk.wikipedia.org\/wiki\/Sandinovsk\u00e1_revol\u00facia\" rel=\"noopener noreferrer\" target=\"_blank\">Sandinovsk\u00fa revol\u00faciu<\/a> Ernesto Cardenal aj akt\u00edvne podporoval a&nbsp;v&nbsp;prvej vl\u00e1de Daniela Ortegu p\u00f4sobil ako minister kult\u00fary. Vtedaj\u0161\u00ed p\u00e1pe\u017e <a href=\"https:\/\/sk.wikipedia.org\/wiki\/J\u00e1n_Pavol_II.\" rel=\"noopener noreferrer\" target=\"_blank\">J\u00e1n Pavol II.<\/a> mu preto zak\u00e1zal vykon\u00e1va\u0165 k\u0148azsk\u00fa slu\u017ebu. Tento z\u00e1kaz minul\u00fd rok zru\u0161il s\u00fa\u010dasn\u00fd p\u00e1pe\u017e <a href=\"https:\/\/sk.wikipedia.org\/wiki\/Franti\u0161ek_(p\u00e1pe\u017e)\" rel=\"noopener noreferrer\" target=\"_blank\">Franti\u0161ek<\/a>.<\/p>\n<p>B\u00e1snik sa&nbsp;v\u0161ak s&nbsp;Danielom Ortegom a&nbsp;jeho <a href=\"https:\/\/sk.wikipedia.org\/wiki\/Sandinovsk\u00fd_front_n\u00e1rodn\u00e9ho_oslobodenia\" rel=\"noopener noreferrer\" target=\"_blank\">Sandinovsk\u00fdm frontom n\u00e1rodn\u00e9ho oslobodenia<\/a> u\u017e&nbsp;v&nbsp;90.&nbsp;rokoch minul\u00e9ho storo\u010dia rozi\u0161iel. Cardenal Ortegu obvinil z&nbsp;autorit\u00e1rstva a&nbsp;korupcie. Nikaragujsk\u00e1 hlava \u0161t\u00e1tu sa&nbsp;napriek tomu pl\u00e1nuje b\u00e1snikovho pohrebu z\u00fa\u010dastni\u0165.<\/p>\n<p>Po\u010das \u017eivota z\u00edskal Ernesto Cardenal mno\u017estvo ocenen\u00ed vr\u00e1tane <a href=\"http:\/\/www.friedenspreis-des-deutschen-buchhandels.de\/\" rel=\"noopener noreferrer\" target=\"_blank\">Mierovej ceny nemeck\u00fdch kn\u00edhkupcov<\/a> <em>(1980)<\/em> \u010di&nbsp;\u0161panielskej <a href=\"http:\/\/premioreinasofia.usal.es\/\" rel=\"noopener noreferrer\" target=\"_blank\">Ceny kr\u00e1\u013eovnej Sofie za&nbsp;iberoamerick\u00fa lyriku<\/a> <em>(2012)<\/em> <\/p>\n<p style=\"text-align: right;\"><small>&mdash;&nbsp;<a href=\"https:\/\/elpais.com\/cultura\/2020\/03\/01\/actualidad\/1583097905_798631.html\" target=\"_blank\" rel=\"noopener noreferrer\">El Pa\u00eds<\/a><\/small><\/p>\n<div class=\"gca-utility clearfix\"><\/div>\n<div class=\"gca-utility vertical-spacer\"><\/div>\n<p><center><span class=\"fullscreen\"><a href=\"\/\/www.martinus.sk\/?z=WLGC7F&#038;utm_source=z%3DWLGC7F&#038;utm_medium=banner1_468x60&#038;utm_campaign=partner\"><img decoding=\"async\" src=\"\/\/www.martinus.sk\/images\/banners\/468x60.jpg\" alt=\"www.martinus.sk\" \/><\/a><\/span><\/center><\/p>\n","protected":false},"excerpt":{"rendered":"<p>Vo veku 95 rokov zomrel nikaragujsk\u00fd revolu\u010dn\u00fd b\u00e1snik, aktivista, katol\u00edcky k\u0148az a&nbsp;teol\u00f3g oslobodenia Ernesto Cardenal, ktor\u00fd sa&nbsp;v&nbsp;tejto stredoamerickej krajine stal symbolom revolu\u010dnej po\u00e9zie. Nikaragujsk\u00fd prezident Daniel Ortega vyhl\u00e1sil v&nbsp;krajine trojd\u0148ov\u00fd \u0161t\u00e1tny sm\u00fatok. <a href=\"https:\/\/literarnenoviny.sk\/servis\/vo-veku-95-rokov-zomrel-nikaragujsky-revolucny-basnik-a-knaz-ernesto-cardenal\/\" class=\"more-link\">Cel\u00e1 spr\u00e1va <span class=\"meta-nav\">&rarr;<\/span><\/a><\/p>\n","protected":false},"author":2,"featured_media":0,"comment_status":"closed","ping_status":"closed","sticky":false,"template":"","format":"standard","meta":{"_links_to":"","_links_to_target":""},"categories":[1],"tags":[3,21,83,76,168,209],"_links":{"self":[{"href":"https:\/\/literarnenoviny.sk\/servis\/wp-json\/wp\/v2\/posts\/11104"}],"collection":[{"href":"https:\/\/literarnenoviny.sk\/servis\/wp-json\/wp\/v2\/posts"}],"about":[{"href":"https:\/\/literarnenoviny.sk\/servis\/wp-json\/wp\/v2\/types\/post"}],"author":[{"embeddable":true,"href":"https:\/\/literarnenoviny.sk\/servis\/wp-json\/wp\/v2\/users\/2"}],"replies":[{"embeddable":true,"href":"https:\/\/literarnenoviny.sk\/servis\/wp-json\/wp\/v2\/comments?post=11104"}],"version-history":[{"count":0,"href":"https:\/\/literarnenoviny.sk\/servis\/wp-json\/wp\/v2\/posts\/11104\/revisions"}],"wp:attachment":[{"href":"https:\/\/literarnenoviny.sk\/servis\/wp-json\/wp\/v2\/media?parent=11104"}],"wp:term":[{"taxonomy":"category","embeddable":true,"href":"https:\/\/literarnenoviny.sk\/servis\/wp-json\/wp\/v2\/categories?post=11104"},{"taxonomy":"post_tag","embeddable":true,"href":"https:\/\/literarnenoviny.sk\/servis\/wp-json\/wp\/v2\/tags?post=11104"}],"curies":[{"name":"wp","href":"https:\/\/api.w.org\/{rel}","templated":true}]}}