{"id":11093,"date":"2020-03-02T14:00:13","date_gmt":"2020-03-02T13:00:13","guid":{"rendered":"https:\/\/literarnenoviny.sk\/servis\/?p=11093"},"modified":"2020-04-21T19:59:36","modified_gmt":"2020-04-21T17:59:36","slug":"tohtorocny-knizny-veltrh-livre-paris-sa-pre-obavy-zo-sirenia-koronavirusu-rusi","status":"publish","type":"post","link":"https:\/\/literarnenoviny.sk\/servis\/tohtorocny-knizny-veltrh-livre-paris-sa-pre-obavy-zo-sirenia-koronavirusu-rusi\/","title":{"rendered":"Tohtoro\u010dn\u00fd kni\u017en\u00fd ve\u013etrh Livre Paris sa&nbsp;pre&nbsp;obavy zo&nbsp;\u0161\u00edrenia koronav\u00edrusu ru\u0161\u00ed"},"content":{"rendered":"<p><strong>Tohtoro\u010dn\u00fd 40.&nbsp;ro\u010dn\u00edk kni\u017en\u00e9ho ve\u013etrhu <a href=\"https:\/\/www.livreparis.com\/fr\/\" rel=\"noopener noreferrer\" target=\"_blank\">Livre Paris<\/a> sa&nbsp;pre&nbsp;rast\u00face obavy zo&nbsp;\u0161\u00edrenia koronav\u00edrusu ru\u0161\u00ed<\/strong>, uviedol prezident prest\u00ed\u017eneho podujatia Vincent Mountain. Kni\u017en\u00fd ve\u013etrh sa&nbsp;mal kona\u0165 od&nbsp;piatka 20.&nbsp;marca do&nbsp;pondelka 23.&nbsp;marca v&nbsp;par\u00ed\u017eskom kongresovom centre Porte de&nbsp;Versailles.<\/p>\n<p><em>\u201eZ d\u00f4vodu ochrany verejn\u00e9ho zdravia je&nbsp;na\u0161ou povinnos\u0165ou ho zru\u0161i\u0165,\u201c<\/em> uviedol Mountain, ktor\u00fd stoj\u00ed aj na&nbsp;\u010dele franc\u00fazskeho <a href=\"https:\/\/www.sne.fr\/\" rel=\"noopener noreferrer\" target=\"_blank\">N\u00e1rodn\u00e9ho syndik\u00e1tu vydavate\u013eov<\/a>.<\/p>\n<p><center><div class=\"gca-utility vertical-spacer\"><\/div>\n<blockquote class=\"twitter-tweet\">\n<p lang=\"fr\" dir=\"ltr\">INFO <a href=\"https:\/\/twitter.com\/livreshebdo?ref_src=twsrc%5Etfw\">@livreshebdo<\/a> &gt;&gt; Livre Paris 2020 annul\u00e9<\/p>\n<p>=&gt; <a href=\"https:\/\/t.co\/rLAoy24kOA\">https:\/\/t.co\/rLAoy24kOA<\/a><a href=\"https:\/\/twitter.com\/hashtag\/livreparis?src=hash&amp;ref_src=twsrc%5Etfw\">#livreparis<\/a> <a href=\"https:\/\/twitter.com\/Salondulivre?ref_src=twsrc%5Etfw\">@Salondulivre<\/a> <a href=\"https:\/\/t.co\/qfj6EpazHK\">pic.twitter.com\/qfj6EpazHK<\/a><\/p>\n<p>&mdash; Livres Hebdo (@livreshebdo) <a href=\"https:\/\/twitter.com\/livreshebdo\/status\/1234233230393520130?ref_src=twsrc%5Etfw\">March 1, 2020<\/a><\/p><\/blockquote>\n<p> <script async src=\"https:\/\/platform.twitter.com\/widgets.js\" charset=\"utf-8\"><\/script><div class=\"gca-utility vertical-spacer\"><\/div><\/center><\/p>\n<p><em>\u201eV pr\u00edpade z\u00e1sahu vy\u0161\u0161ej moci nerozhodujeme iba my, ale aj vl\u00e1da,\u201c<\/em> vysvet\u013euje \u010falej Vincent Mountain.<\/p>\n<p>Rozhodnutie organiz\u00e1torov je&nbsp;toti\u017e reakciou na&nbsp;po\u017eiadavku franc\u00fazskej vl\u00e1dy. T\u00e1 s&nbsp;prib\u00fadaj\u00facim po\u010dtom \u013eud\u00ed, ktor\u00ed s\u00fa nebezpe\u010dn\u00fdm koronav\u00edrusom postihnut\u00ed, vyzvala na&nbsp;zru\u0161enie v\u0161etk\u00fdch zhroma\u017eden\u00ed s&nbsp;\u00fa\u010das\u0165ou viac ako 5&nbsp;000 os\u00f4b. Vl\u00e1da sa&nbsp;tak\u00fdmto opatren\u00edm sna\u017e\u00ed \u0161\u00edreniu nov\u00e9ho v\u00edrusu zabr\u00e1ni\u0165.<\/p>\n<p>Na minulom 35.&nbsp;ro\u010dn\u00edku par\u00ed\u017eskeho Livre Paris bola <a href=\"https:\/\/literarnenoviny.sk\/servis\/zacal-sa-knizny-veltrh-livre-paris-na-ktorom-sa-predstavi-slovenska-literatura\/\" rel=\"noopener noreferrer\" target=\"_blank\">\u010destn\u00fdm hos\u0165om Bratislava<\/a> a&nbsp;na&nbsp;podujat\u00ed sa&nbsp;tak v\u00fdraznej\u0161ie predstavila aj s\u00fa\u010dasn\u00e1 slovensk\u00e1 literat\u00fara.<\/p>\n<p><em>\u201eNa Livre Paris sa&nbsp;s&nbsp;vami stretneme v&nbsp;roku 2021,\u201c<\/em> p\u00ed\u0161e sa&nbsp;v&nbsp;neskor\u0161ej tla\u010dovej spr\u00e1ve organiz\u00e1torov kni\u017en\u00e9ho ve\u013etrhu Livre Paris.<\/p>\n<p style=\"text-align: right;\"><small>&mdash;&nbsp;<a href=\"https:\/\/www.lemonde.fr\/culture\/article\/2020\/03\/02\/l-edition-2020-de-livre-paris-est-annulee-pour-des-raisons-de-sante-publique_6031453_3246.html\" target=\"_blank\" rel=\"noopener noreferrer\">Le Monde<\/a> a&nbsp;<a href=\"https:\/\/www.livreshebdo.fr\/article\/livre-paris-2020-annule\" target=\"_blank\" rel=\"noopener noreferrer\">Livres Hebdo<\/a><\/small><\/p>\n<div class=\"gca-utility clearfix\"><\/div>\n<div class=\"gca-utility vertical-spacer\"><\/div>\n<p><center><span class=\"fullscreen\"><a href=\"\/\/www.martinus.sk\/?z=WLGC7F&#038;utm_source=z%3DWLGC7F&#038;utm_medium=banner1_468x60&#038;utm_campaign=partner\"><img decoding=\"async\" src=\"\/\/www.martinus.sk\/images\/banners\/468x60_red.jpg\" alt=\"www.martinus.sk\" \/><\/a><\/span><\/center><\/p>\n","protected":false},"excerpt":{"rendered":"<p>Tohtoro\u010dn\u00fd 40.&nbsp;ro\u010dn\u00edk kni\u017en\u00e9ho ve\u013etrhu Livre Paris sa&nbsp;pre&nbsp;rast\u00face obavy zo&nbsp;\u0161\u00edrenia koronav\u00edrusu ru\u0161\u00ed, uviedol prezident prest\u00ed\u017eneho podujatia Vincent Mountain. Kni\u017en\u00fd ve\u013etrh sa&nbsp;mal kona\u0165 od&nbsp;piatku 20.&nbsp;marca do&nbsp;pondelka 23.&nbsp;marca v&nbsp;par\u00ed\u017eskom kongresovom centre Porte de&nbsp;Versailles. <a href=\"https:\/\/literarnenoviny.sk\/servis\/tohtorocny-knizny-veltrh-livre-paris-sa-pre-obavy-zo-sirenia-koronavirusu-rusi\/\" class=\"more-link\">Cel\u00e1 spr\u00e1va <span class=\"meta-nav\">&rarr;<\/span><\/a><\/p>\n","protected":false},"author":2,"featured_media":0,"comment_status":"closed","ping_status":"closed","sticky":false,"template":"","format":"standard","meta":{"_links_to":"","_links_to_target":""},"categories":[1],"tags":[15,14,4,171,8,100],"_links":{"self":[{"href":"https:\/\/literarnenoviny.sk\/servis\/wp-json\/wp\/v2\/posts\/11093"}],"collection":[{"href":"https:\/\/literarnenoviny.sk\/servis\/wp-json\/wp\/v2\/posts"}],"about":[{"href":"https:\/\/literarnenoviny.sk\/servis\/wp-json\/wp\/v2\/types\/post"}],"author":[{"embeddable":true,"href":"https:\/\/literarnenoviny.sk\/servis\/wp-json\/wp\/v2\/users\/2"}],"replies":[{"embeddable":true,"href":"https:\/\/literarnenoviny.sk\/servis\/wp-json\/wp\/v2\/comments?post=11093"}],"version-history":[{"count":0,"href":"https:\/\/literarnenoviny.sk\/servis\/wp-json\/wp\/v2\/posts\/11093\/revisions"}],"wp:attachment":[{"href":"https:\/\/literarnenoviny.sk\/servis\/wp-json\/wp\/v2\/media?parent=11093"}],"wp:term":[{"taxonomy":"category","embeddable":true,"href":"https:\/\/literarnenoviny.sk\/servis\/wp-json\/wp\/v2\/categories?post=11093"},{"taxonomy":"post_tag","embeddable":true,"href":"https:\/\/literarnenoviny.sk\/servis\/wp-json\/wp\/v2\/tags?post=11093"}],"curies":[{"name":"wp","href":"https:\/\/api.w.org\/{rel}","templated":true}]}}