{"id":1084,"date":"2017-10-12T14:45:20","date_gmt":"2017-10-12T12:45:20","guid":{"rendered":"https:\/\/literarnenoviny.sk\/servis\/?p=1084"},"modified":"2017-10-26T22:07:03","modified_gmt":"2017-10-26T20:07:03","slug":"spojene-staty-sa-koncom-tohto-roka-chystaju-opustit-unesco","status":"publish","type":"post","link":"https:\/\/literarnenoviny.sk\/servis\/spojene-staty-sa-koncom-tohto-roka-chystaju-opustit-unesco\/","title":{"rendered":"Spojen\u00e9 \u0161t\u00e1ty sa&nbsp;koncom tohto roka chystaj\u00fa opusti\u0165 UNESCO"},"content":{"rendered":"<p>Agent\u00fara Associated Press uviedla, \u017ee&nbsp;Spojen\u00e9 \u0161t\u00e1ty koncom roka opustia UNESCO.<\/p>\n<p style=\"text-align: right;\"><small><a href=\"http:\/\/www.latimes.com\/nation\/nationnow\/la-fg-us-unesco-withdrawal-20171012-story.html\" target=\"_blank\">Los Angeles Times<\/a><\/small><\/p>\n","protected":false},"excerpt":{"rendered":"<p>Agent\u00fara Associated Press uviedla, \u017ee&nbsp;Spojen\u00e9 \u0161t\u00e1ty koncom roka opustia UNESCO. <a href=\"https:\/\/literarnenoviny.sk\/servis\/spojene-staty-sa-koncom-tohto-roka-chystaju-opustit-unesco\/\" class=\"more-link\">Cel\u00e1 spr\u00e1va <span class=\"meta-nav\">&rarr;<\/span><\/a><\/p>\n","protected":false},"author":2,"featured_media":0,"comment_status":"closed","ping_status":"closed","sticky":false,"template":"","format":"standard","meta":{"_links_to":"","_links_to_target":""},"categories":[1],"tags":[33,23],"_links":{"self":[{"href":"https:\/\/literarnenoviny.sk\/servis\/wp-json\/wp\/v2\/posts\/1084"}],"collection":[{"href":"https:\/\/literarnenoviny.sk\/servis\/wp-json\/wp\/v2\/posts"}],"about":[{"href":"https:\/\/literarnenoviny.sk\/servis\/wp-json\/wp\/v2\/types\/post"}],"author":[{"embeddable":true,"href":"https:\/\/literarnenoviny.sk\/servis\/wp-json\/wp\/v2\/users\/2"}],"replies":[{"embeddable":true,"href":"https:\/\/literarnenoviny.sk\/servis\/wp-json\/wp\/v2\/comments?post=1084"}],"version-history":[{"count":0,"href":"https:\/\/literarnenoviny.sk\/servis\/wp-json\/wp\/v2\/posts\/1084\/revisions"}],"wp:attachment":[{"href":"https:\/\/literarnenoviny.sk\/servis\/wp-json\/wp\/v2\/media?parent=1084"}],"wp:term":[{"taxonomy":"category","embeddable":true,"href":"https:\/\/literarnenoviny.sk\/servis\/wp-json\/wp\/v2\/categories?post=1084"},{"taxonomy":"post_tag","embeddable":true,"href":"https:\/\/literarnenoviny.sk\/servis\/wp-json\/wp\/v2\/tags?post=1084"}],"curies":[{"name":"wp","href":"https:\/\/api.w.org\/{rel}","templated":true}]}}