{"id":10834,"date":"2020-02-16T15:00:47","date_gmt":"2020-02-16T14:00:47","guid":{"rendered":"https:\/\/literarnenoviny.sk\/servis\/?p=10834"},"modified":"2020-02-17T13:05:15","modified_gmt":"2020-02-17T12:05:15","slug":"rakusky-spisovatel-peter-handke-ziskal-najvyssie-srbske-statne-vyznamenanie","status":"publish","type":"post","link":"https:\/\/literarnenoviny.sk\/servis\/rakusky-spisovatel-peter-handke-ziskal-najvyssie-srbske-statne-vyznamenanie\/","title":{"rendered":"Rak\u00fasky spisovate\u013e Peter Handke z\u00edskal najvy\u0161\u0161ie srbsk\u00e9 \u0161t\u00e1tne vyznamenanie"},"content":{"rendered":"<p><strong>Srbsko udelilo rak\u00faskemu spisovate\u013eovi Petrovi Handkemu vysok\u00e9 \u0161t\u00e1tne vyznamenanie <a href=\"https:\/\/sr.wikipedia.org\/wiki\/\u0420\u0435\u043f\u0443\u0431\u043b\u0438\u0447\u043a\u0438_\u043e\u0440\u0434\u0435\u043d_\u041a\u0430\u0440\u0430\u0452\u043e\u0440\u0452\u0435\u0432\u0435_\u0437\u0432\u0435\u0437\u0434\u0435\" rel=\"noopener noreferrer\" target=\"_blank\">Rad Karadjordjeho hviezdy<\/a><\/strong> za&nbsp;<em>\u201ev\u00fdnimo\u010dn\u00fd pr\u00ednos pri reprezentovan\u00ed Srbska v&nbsp;oblasti kult\u00fary\u201c<\/em>. Informovali o&nbsp;tom <a href=\"https:\/\/www.danas.rs\/drustvo\/dan-drzavnosti-orden-za-zemana-i-handkea\/\" rel=\"noopener noreferrer\" target=\"_blank\">srbsk\u00e9 m\u00e9di\u00e1<\/a> a&nbsp;rozhlasov\u00e1 stanica <a href=\"https:\/\/www.rferl.org\/a\/serbia-honors-handke-milosevic-ties-kosovo-bosnia\/30436633.html\" rel=\"noopener noreferrer\" target=\"_blank\">Slobodn\u00e1 Eur\u00f3pa<\/a>, pod\u013ea ktorej tento krok m\u00f4\u017ee vyvola\u0165 pob\u00farenie v&nbsp;\u010fal\u0161\u00edch krajin\u00e1ch z\u00e1padn\u00e9ho Balk\u00e1nu.<\/p>\n<p>Na Balk\u00e1ne toti\u017e mnoh\u00ed vn\u00edmaj\u00fa Handkeho ako z\u00e1stancu zosnul\u00e9ho srbsk\u00e9ho l\u00eddra <a href=\"https:\/\/sk.wikipedia.org\/wiki\/Slobodan_Milo\u0161evi\u0107\" rel=\"noopener noreferrer\" target=\"_blank\">Slobodana Milo\u0161evi\u0107a<\/a> a&nbsp;ako obhajcu srbskej interpret\u00e1cie vojnov\u00fdch konfliktov, ktor\u00e9 prepukli po&nbsp;z\u00e1niku Juhosl\u00e1vie v&nbsp;90.&nbsp;rokoch minul\u00e9ho storo\u010dia.<\/p>\n<p><center><div class=\"gca-utility vertical-spacer\"><\/div>\n<blockquote class=\"twitter-tweet\">\n<p lang=\"de\" dir=\"ltr\">Peter <a href=\"https:\/\/twitter.com\/hashtag\/Handke?src=hash&amp;ref_src=twsrc%5Etfw\">#Handke<\/a> begibt sich mit &quot;Das zweite Schwert&quot; auf einen Rachefeldzug &#8211; und landet ganz bei sich selbst, schreibt <a href=\"https:\/\/twitter.com\/gerritbartels3?ref_src=twsrc%5Etfw\">@gerritbartels3<\/a><a href=\"https:\/\/t.co\/nY1M0IGzyS\">https:\/\/t.co\/nY1M0IGzyS<\/a><\/p>\n<p>&mdash; Tagesspiegel (@Tagesspiegel) <a href=\"https:\/\/twitter.com\/Tagesspiegel\/status\/1228677329624453121?ref_src=twsrc%5Etfw\">February 15, 2020<\/a><\/p><\/blockquote>\n<p> <script async src=\"https:\/\/platform.twitter.com\/widgets.js\" charset=\"utf-8\"><\/script><div class=\"gca-utility vertical-spacer\"><\/div><\/center><\/p>\n<p>Peter Handke je&nbsp;\u010derstv\u00fdm laure\u00e1tom <a href=\"https:\/\/literarnenoviny.sk\/servis\/peter-handke-a-olga-tokarczukova-si-prevzali-nobelove-ceny-za-literaturu\/\" rel=\"noopener noreferrer\" target=\"_blank\">Nobelovej ceny za&nbsp;literat\u00faru<\/a>. Minuloro\u010dn\u00fd v\u00fdber \u0160v\u00e9dskej akad\u00e9mie pob\u00faril Bosnu a&nbsp;Hercegovinu, ako aj od\u0161tiepeneck\u00fa  srbsk\u00fa provinciu Kosova. <\/p>\n<p>Srbsk\u00fd prezident <a href=\"https:\/\/cs.wikipedia.org\/wiki\/Aleksandar_Vu\u010di\u0107\" rel=\"noopener noreferrer\" target=\"_blank\">Aleksandar Vu\u010di\u0107<\/a> teraz rak\u00faskeho spisovate\u013ea ocenil spolo\u010dne s&nbsp;\u010fal\u0161\u00edmi p\u00e4\u0165desiatimi osobnos\u0165ami a&nbsp;in\u0161tit\u00faciami z&nbsp;oblasti kult\u00fary, medic\u00edny, hospod\u00e1rstva, \u0161portu, vedy a&nbsp;diplomacie. <\/p>\n<p>Vysok\u00e9 ocenenie sa&nbsp;ude\u013euje pri pr\u00edle\u017eitosti srbsk\u00e9ho \u0161t\u00e1tneho sviatku <a href=\"https:\/\/sr.wikipedia.org\/wiki\/\u0414\u0430\u043d_\u0434\u0440\u0436\u0430\u0432\u043d\u043e\u0441\u0442\u0438_\u0421\u0440\u0431\u0438\u0458\u0435\" rel=\"noopener noreferrer\" target=\"_blank\">D\u0148a \u0161t\u00e1tnosti <em>(Dan dr\u017eavnosti Srbije)<\/em><\/a>. Ten pripom\u00edna srbsk\u00e9 povstanie v&nbsp;roku 1804 a&nbsp;rovnako aj <a href=\"https:\/\/sr.wikipedia.org\/wiki\/\u0421\u0440\u0435\u0442\u0435\u045a\u0441\u043a\u0438_\u0443\u0441\u0442\u0430\u0432\" rel=\"noopener noreferrer\" target=\"_blank\">prv\u00fa srbsk\u00fa \u00fastavu<\/a> z&nbsp;roku 1835. <\/p>\n<p>Medzi tohtoro\u010dn\u00fdmi ocenen\u00fdmi bol aj teraj\u0161\u00ed \u010desk\u00fd prezident Milo\u0161 Zeman.<\/p>\n<p>Peter Handke, ktor\u00fd v&nbsp;s\u00fa\u010dasnosti \u017eije vo&nbsp;Franc\u00fazsku, sa&nbsp;ude\u013eovania Radu Karadjordjeho hviezdy v&nbsp;Belehrade osobne nez\u00fa\u010dastnil.<\/p>\n<p style=\"text-align: right;\"><small>&mdash;&nbsp;<a href=\"http:\/\/rs.n1info.com\/English\/NEWS\/a569884\/Serbia-s-President-awards-controversial-writer-Peter-Handke-on-Statehood-Day.html\" target=\"_blank\" rel=\"noopener noreferrer\">N1<\/a> a&nbsp;<a href=\"https:\/\/www.rferl.org\/a\/serbia-honors-handke-milosevic-ties-kosovo-bosnia\/30436633.html\" target=\"_blank\" rel=\"noopener noreferrer\">RFE\/RL<\/a><\/small><\/p>\n<div class=\"gca-utility clearfix\"><\/div>\n<div class=\"gca-utility vertical-spacer\"><\/div>\n<p><center><span class=\"fullscreen\"><script type=\"text\/javascript\" src=\"\/\/partner.mrtns.eu\/banners\/banner.js?type=banner&#038;brand_id=1&#038;uItem=153917&#038;size=full&#038;show_price=0&#038;color=blue&#038;z=WLGC7F\"><\/script><\/span><\/center><\/p>\n","protected":false},"excerpt":{"rendered":"<p>Srbsko udelilo rak\u00faskemu spisovate\u013eovi Petrovi Handkemu vysok\u00e9 \u0161t\u00e1tne vyznamenanie Kr\u00e1\u013eovsk\u00fd rad Karadjordjeho hviezdy za&nbsp;\u201ev\u00fdnimo\u010dn\u00fd pr\u00ednos pri reprezentovan\u00ed Srbska v&nbsp;oblasti kult\u00fary\u201c. Informovali o&nbsp;tom srbsk\u00e9 m\u00e9di\u00e1 a&nbsp;rozhlasov\u00e1 stanica Slobodn\u00e1 Eur\u00f3pa, pod\u013ea ktorej tento krok m\u00f4\u017ee vyvola\u0165 pob\u00farenie v&nbsp;\u010fal\u0161\u00edch krajin\u00e1ch z\u00e1padn\u00e9ho Balk\u00e1nu. <a href=\"https:\/\/literarnenoviny.sk\/servis\/rakusky-spisovatel-peter-handke-ziskal-najvyssie-srbske-statne-vyznamenanie\/\" class=\"more-link\">Cel\u00e1 spr\u00e1va <span class=\"meta-nav\">&rarr;<\/span><\/a><\/p>\n","protected":false},"author":2,"featured_media":0,"comment_status":"closed","ping_status":"closed","sticky":false,"template":"","format":"standard","meta":{"_links_to":"","_links_to_target":""},"categories":[1],"tags":[3,21],"_links":{"self":[{"href":"https:\/\/literarnenoviny.sk\/servis\/wp-json\/wp\/v2\/posts\/10834"}],"collection":[{"href":"https:\/\/literarnenoviny.sk\/servis\/wp-json\/wp\/v2\/posts"}],"about":[{"href":"https:\/\/literarnenoviny.sk\/servis\/wp-json\/wp\/v2\/types\/post"}],"author":[{"embeddable":true,"href":"https:\/\/literarnenoviny.sk\/servis\/wp-json\/wp\/v2\/users\/2"}],"replies":[{"embeddable":true,"href":"https:\/\/literarnenoviny.sk\/servis\/wp-json\/wp\/v2\/comments?post=10834"}],"version-history":[{"count":0,"href":"https:\/\/literarnenoviny.sk\/servis\/wp-json\/wp\/v2\/posts\/10834\/revisions"}],"wp:attachment":[{"href":"https:\/\/literarnenoviny.sk\/servis\/wp-json\/wp\/v2\/media?parent=10834"}],"wp:term":[{"taxonomy":"category","embeddable":true,"href":"https:\/\/literarnenoviny.sk\/servis\/wp-json\/wp\/v2\/categories?post=10834"},{"taxonomy":"post_tag","embeddable":true,"href":"https:\/\/literarnenoviny.sk\/servis\/wp-json\/wp\/v2\/tags?post=10834"}],"curies":[{"name":"wp","href":"https:\/\/api.w.org\/{rel}","templated":true}]}}