{"id":1082,"date":"2017-10-09T21:00:35","date_gmt":"2017-10-09T19:00:35","guid":{"rendered":"https:\/\/literarnenoviny.sk\/servis\/?p=1082"},"modified":"2017-10-12T13:46:38","modified_gmt":"2017-10-12T11:46:38","slug":"nemecku-kniznu-cenu-ziskal-rakusky-autor-robert-menasse-za-roman-hlavne-mesto","status":"publish","type":"post","link":"https:\/\/literarnenoviny.sk\/servis\/nemecku-kniznu-cenu-ziskal-rakusky-autor-robert-menasse-za-roman-hlavne-mesto\/","title":{"rendered":"Nemeck\u00fa kni\u017en\u00fa cenu z\u00edskal rak\u00fasky autor Robert Menasse za&nbsp;rom\u00e1n Hlavn\u00e9 mesto"},"content":{"rendered":"<p>Nemeck\u00fa kni\u017en\u00fa cenu z\u00edskal rak\u00fasky autor Robert Menasse za&nbsp;rom\u00e1n Hlavn\u00e9 mesto<\/p>\n","protected":false},"excerpt":{"rendered":"<p>Nemeck\u00fa kni\u017en\u00fa cenu z\u00edskal rak\u00fasky autor Robert Menasse za&nbsp;rom\u00e1n Hlavn\u00e9 mesto <a href=\"https:\/\/literarnenoviny.sk\/servis\/nemecku-kniznu-cenu-ziskal-rakusky-autor-robert-menasse-za-roman-hlavne-mesto\/\" class=\"more-link\">Cel\u00e1 spr\u00e1va <span class=\"meta-nav\">&rarr;<\/span><\/a><\/p>\n","protected":false},"author":2,"featured_media":0,"comment_status":"closed","ping_status":"closed","sticky":false,"template":"","format":"standard","meta":{"_links_to":"","_links_to_target":""},"categories":[1],"tags":[14,21],"_links":{"self":[{"href":"https:\/\/literarnenoviny.sk\/servis\/wp-json\/wp\/v2\/posts\/1082"}],"collection":[{"href":"https:\/\/literarnenoviny.sk\/servis\/wp-json\/wp\/v2\/posts"}],"about":[{"href":"https:\/\/literarnenoviny.sk\/servis\/wp-json\/wp\/v2\/types\/post"}],"author":[{"embeddable":true,"href":"https:\/\/literarnenoviny.sk\/servis\/wp-json\/wp\/v2\/users\/2"}],"replies":[{"embeddable":true,"href":"https:\/\/literarnenoviny.sk\/servis\/wp-json\/wp\/v2\/comments?post=1082"}],"version-history":[{"count":0,"href":"https:\/\/literarnenoviny.sk\/servis\/wp-json\/wp\/v2\/posts\/1082\/revisions"}],"wp:attachment":[{"href":"https:\/\/literarnenoviny.sk\/servis\/wp-json\/wp\/v2\/media?parent=1082"}],"wp:term":[{"taxonomy":"category","embeddable":true,"href":"https:\/\/literarnenoviny.sk\/servis\/wp-json\/wp\/v2\/categories?post=1082"},{"taxonomy":"post_tag","embeddable":true,"href":"https:\/\/literarnenoviny.sk\/servis\/wp-json\/wp\/v2\/tags?post=1082"}],"curies":[{"name":"wp","href":"https:\/\/api.w.org\/{rel}","templated":true}]}}