{"id":10797,"date":"2020-02-13T14:40:16","date_gmt":"2020-02-13T13:40:16","guid":{"rendered":"https:\/\/literarnenoviny.sk\/servis\/?p=10797"},"modified":"2020-02-14T22:33:53","modified_gmt":"2020-02-14T21:33:53","slug":"ceska-federacia-zidovskych-obci-podala-pre-antisemitsku-knihu-trestne-oznamenie","status":"publish","type":"post","link":"https:\/\/literarnenoviny.sk\/servis\/ceska-federacia-zidovskych-obci-podala-pre-antisemitsku-knihu-trestne-oznamenie\/","title":{"rendered":"\u010cesk\u00e1 Feder\u00e1cia \u017eidovsk\u00fdch obc\u00ed podala pre&nbsp;antisemitsk\u00fa knihu trestn\u00e9 ozn\u00e1menie"},"content":{"rendered":"<p><strong>\u010cesk\u00e1 Feder\u00e1cia \u017eidovsk\u00fdch obc\u00ed podala <a href=\"https:\/\/denikn.cz\/minuta\/292658\/\" rel=\"noopener noreferrer\" target=\"_blank\">trestn\u00e9 ozn\u00e1menie<\/a> kv\u00f4li predaju antisemitskej detskej knihy <em>Jedovat\u00e1 houba<\/strong> (Der Giftpilz, 1938)<\/em>, ktor\u00fa v&nbsp;\u010de\u0161tine vydalo kontroverzn\u00e9 vydavate\u013estvo Guidemedia etc. Informoval o&nbsp;tom <a href=\"https:\/\/denikn.cz\/minuta\/292658\/\" rel=\"noopener noreferrer\" target=\"_blank\">vo svojich spr\u00e1vach<\/a> \u010desk\u00fd Den\u00edk&nbsp;N.<\/p>\n<p>Knihu pon\u00fakali aj niektor\u00e9 slovensk\u00e9 eshopy, vr\u00e1tane kn\u00edhkupectva <a href=\"https:\/\/www.vydavatel.sk\/\" rel=\"noopener noreferrer\" target=\"_blank\">Vydavatel.sk<\/a> Vydavate\u013estva Matice slovenskej.<\/p>\n<div class=\"gca-utility vertical-spacer\"><\/div>\n<center><\/p>\n<div style=\"max-width:460px; min-width:270px;\">\n<blockquote class=\"wp-embedded-content\" data-secret=\"L5nNZy8bJI\"><p><a href=\"https:\/\/www.fzo.cz\/4170\/prohlaseni-11\/\">Prohl\u00e1\u0161en\u00ed<\/a><\/p><\/blockquote>\n<p><iframe title=\"&#8222;Prohl\u00e1\u0161en\u00ed&#8220; &#8212; Federace \u017eidovsk\u00fdch obc\u00ed v \u010cR\" class=\"wp-embedded-content\" sandbox=\"allow-scripts\" security=\"restricted\" style=\"position: absolute; clip: rect(1px, 1px, 1px, 1px);\" src=\"https:\/\/www.fzo.cz\/4170\/prohlaseni-11\/embed\/#?secret=L5nNZy8bJI\" data-secret=\"L5nNZy8bJI\" width=\"600\" height=\"338\" frameborder=\"0\" marginwidth=\"0\" marginheight=\"0\" scrolling=\"no\"><\/iframe>\n<\/div>\n<p><\/center><div class=\"gca-utility vertical-spacer\"><\/div>\n<p>Po zverejnen\u00ed inform\u00e1cie na&nbsp;<a href=\"https:\/\/literarnenoviny.sk\/servis\/slovenske-knihkupectva-predavaju-protizidovsku-knihu-pre-deti-z-obdobia-nacizmu\/\" rel=\"noopener noreferrer\" target=\"_blank\">str\u00e1nkach Liter\u00e1rnych nov\u00edn<\/a> ju v\u00e4\u010d\u0161ina z&nbsp;nich do&nbsp;nieko\u013ek\u00fdch hod\u00edn zo&nbsp;svojich pon\u00fak vyradila. Titul sa&nbsp;u\u017e&nbsp;<em>\u201epriamo nenach\u00e1dza\u201c<\/em> ani v&nbsp;slovenskom katal\u00f3gu cenov\u00e9ho porovn\u00e1va\u010da <a href=\"https:\/\/www.heureka.sk\/?h[fraze]=Jedovat\u00e1+houba\" rel=\"noopener noreferrer\" target=\"_blank\">Heureka<\/a>.<\/p>\n<p>Antisemitsk\u00e1 detsk\u00e1 kniha vy\u0161la p\u00f4vodne v&nbsp;nacistickom Nemecku v&nbsp;roku 1938 vo&nbsp;vydavate\u013estve <strong><a href=\"https:\/\/cs.wikipedia.org\/wiki\/Julius_Streicher\" rel=\"noopener noreferrer\" target=\"_blank\">Juliusa Streichera<\/a><\/strong>, ktor\u00e9ho po&nbsp;druhej svetovej vojne v&nbsp;<a href=\"https:\/\/sk.wikipedia.org\/wiki\/Norimbersk\u00fd_proces\" rel=\"noopener noreferrer\" target=\"_blank\">Norimberskom procese<\/a> ods\u00fadil medzin\u00e1rodn\u00fd vojnov\u00fd tribun\u00e1l na&nbsp;trest smrti a&nbsp;16.&nbsp;okt\u00f3bra 1946 bol aj popraven\u00fd.<\/p>\n<p><em>\u201ePo hrn\u010dekoch s&nbsp;portr\u00e9tmi Adolfa Hitlera z&nbsp;vydavate\u013estva Na\u0161e vojsko je&nbsp;t\u00e1to publik\u00e1cia \u010fal\u0161\u00edm v\u00fdsmechom obetiam \u0161oa,\u201c<\/em> uv\u00e1dza feder\u00e1cia <a href=\"https:\/\/www.fzo.cz\/4170\/prohlaseni-11\/\" rel=\"noopener noreferrer\" target=\"_blank\">na svojom webe<\/a>.<\/p>\n<p>Pod v\u010deraj\u0161ou reakciou je&nbsp;podp\u00edsan\u00fd predseda <a href=\"https:\/\/www.fzo.cz\/\" rel=\"noopener noreferrer\" target=\"_blank\">Feder\u00e1cie \u017didovsk\u00fdch obc\u00ed v&nbsp;\u010ceskej republike<\/a> Petr Papou\u0161ek a&nbsp;riadite\u013e pra\u017esk\u00e9ho <a href=\"https:\/\/www.jewishmuseum.cz\/\" rel=\"noopener noreferrer\" target=\"_blank\">\u017didovsk\u00e9ho m\u00fazea <\/a>Leo Pavl\u00e1t.<\/p>\n<p style=\"text-align: right;\"><small>&mdash;&nbsp;<a href=\"https:\/\/www.fzo.cz\/4170\/prohlaseni-11\/\" target=\"_blank\" rel=\"noopener noreferrer\">Federace \u017eidovsk\u00fdch obc\u00ed v&nbsp;\u010cR<\/a> a&nbsp;<a href=\"https:\/\/denikn.cz\/minuta\/292658\/\" target=\"_blank\" rel=\"noopener noreferrer\">Den\u00edk N<\/a><\/p>\n<p><\/small><\/p>\n<div class=\"gca-utility clearfix\"><\/div>\n<div class=\"gca-utility vertical-spacer\"><\/div>\n<p><center><span class=\"fullscreen\"><a href=\"\/\/www.martinus.sk\/?z=WLGC7F&#038;utm_source=z%3DWLGC7F&#038;utm_medium=banner1_468x60&#038;utm_campaign=partner\"><img decoding=\"async\" src=\"\/\/www.martinus.sk\/images\/banners\/468x60_red.jpg\" alt=\"www.martinus.sk\" \/><\/a><\/span><\/center><\/p>\n","protected":false},"excerpt":{"rendered":"<p>\u010cesk\u00e1 Feder\u00e1cia \u017eidovsk\u00fdch obc\u00ed podala trestn\u00e9 ozn\u00e1menie kv\u00f4li predaju antisemitskej detskej knihy Jedovat\u00e1 houba, ktor\u00fa v&nbsp;\u010de\u0161tine vydalo kontroverzn\u00e9 vydavate\u013estvo Guidemedia etc. Knihu pon\u00fakali aj niektor\u00e9 slovensk\u00e9 eshopy, vr\u00e1tane kn\u00edhkupectva Vydavatel.sk Vydavate\u013estva Matice slovenskej. <a href=\"https:\/\/literarnenoviny.sk\/servis\/ceska-federacia-zidovskych-obci-podala-pre-antisemitsku-knihu-trestne-oznamenie\/\" class=\"more-link\">Cel\u00e1 spr\u00e1va <span class=\"meta-nav\">&rarr;<\/span><\/a><\/p>\n","protected":false},"author":2,"featured_media":0,"comment_status":"closed","ping_status":"closed","sticky":false,"template":"","format":"standard","meta":{"_links_to":"","_links_to_target":""},"categories":[1],"tags":[14,109,26,23],"_links":{"self":[{"href":"https:\/\/literarnenoviny.sk\/servis\/wp-json\/wp\/v2\/posts\/10797"}],"collection":[{"href":"https:\/\/literarnenoviny.sk\/servis\/wp-json\/wp\/v2\/posts"}],"about":[{"href":"https:\/\/literarnenoviny.sk\/servis\/wp-json\/wp\/v2\/types\/post"}],"author":[{"embeddable":true,"href":"https:\/\/literarnenoviny.sk\/servis\/wp-json\/wp\/v2\/users\/2"}],"replies":[{"embeddable":true,"href":"https:\/\/literarnenoviny.sk\/servis\/wp-json\/wp\/v2\/comments?post=10797"}],"version-history":[{"count":0,"href":"https:\/\/literarnenoviny.sk\/servis\/wp-json\/wp\/v2\/posts\/10797\/revisions"}],"wp:attachment":[{"href":"https:\/\/literarnenoviny.sk\/servis\/wp-json\/wp\/v2\/media?parent=10797"}],"wp:term":[{"taxonomy":"category","embeddable":true,"href":"https:\/\/literarnenoviny.sk\/servis\/wp-json\/wp\/v2\/categories?post=10797"},{"taxonomy":"post_tag","embeddable":true,"href":"https:\/\/literarnenoviny.sk\/servis\/wp-json\/wp\/v2\/tags?post=10797"}],"curies":[{"name":"wp","href":"https:\/\/api.w.org\/{rel}","templated":true}]}}