{"id":10712,"date":"2020-02-09T19:15:05","date_gmt":"2020-02-09T18:15:05","guid":{"rendered":"https:\/\/literarnenoviny.sk\/servis\/?p=10712"},"modified":"2020-02-10T23:44:01","modified_gmt":"2020-02-10T22:44:01","slug":"americka-knihkupecka-siet-amazon-stiahla-z-predaja-knihy-s-nacistickou-tematikou","status":"publish","type":"post","link":"https:\/\/literarnenoviny.sk\/servis\/americka-knihkupecka-siet-amazon-stiahla-z-predaja-knihy-s-nacistickou-tematikou\/","title":{"rendered":"Americk\u00e1 kn\u00edhkupeck\u00e1 sie\u0165 Amazon stiahla z&nbsp;predaja knihy s&nbsp;nacistickou tematikou"},"content":{"rendered":"<p><strong>Americk\u00e1 kn\u00edhkupeck\u00e1 sie\u0165 <a href=\"https:\/\/www.amazon.com\/Kindle-eBooks\/\" rel=\"noopener noreferrer\" target=\"_blank\">Amazon<\/a> stiahla z&nbsp;predaja nieko\u013eko titulov s&nbsp;nacistickou tematikou a&nbsp;s&nbsp;nen\u00e1vistn\u00fdm obsahom<\/strong>. Medzi nimi aj dve knihy od&nbsp;b\u00fdval\u00e9ho vodcu <a href=\"https:\/\/sk.wikipedia.org\/wiki\/Kukluxklan\" rel=\"noopener noreferrer\" target=\"_blank\">Ku-Klux-Klanu<\/a> Davida Duka \u010di&nbsp;tituly zakladate\u013ea Americkej nacistickej strany Georgea Lincolna Rockwella. Inform\u00e1ciu priniesol denn\u00edk The&nbsp;New York Times.<\/p>\n<p>Spolo\u010dnos\u0165 tie\u017e odstr\u00e1nila knihy ako <em><strong>The Ruling Elite: The&nbsp;Zionist Seizure of World Power<\/strong> (Vl\u00e1dnuca elita: Sionistick\u00e9 uchopenie svetovej moci)<\/em> \u010di&nbsp;<em><strong>A History of Central Banking and the&nbsp;Enslavement of Mankind<\/strong> (Hist\u00f3ria centr\u00e1lneho bankovn\u00edctva a&nbsp;zotro\u010denie \u013eudstva)<\/em>.<\/p>\n<p><center><div class=\"gca-utility vertical-spacer\"><\/div>\n<blockquote class=\"twitter-tweet\">\n<p lang=\"en\" dir=\"ltr\">Amazon quietly removes Nazi-themed books: report <a href=\"https:\/\/t.co\/fmmAn0vIn6\">https:\/\/t.co\/fmmAn0vIn6<\/a> <a href=\"https:\/\/t.co\/Pl851UYrep\">pic.twitter.com\/Pl851UYrep<\/a><\/p>\n<p>&mdash; The&nbsp;Hill (@thehill) <a href=\"https:\/\/twitter.com\/thehill\/status\/1226994787582083072?ref_src=twsrc%5Etfw\">February 10, 2020<\/a><\/p><\/blockquote>\n<p> <script async src=\"https:\/\/platform.twitter.com\/widgets.js\" charset=\"utf-8\"><\/script><div class=\"gca-utility vertical-spacer\"><\/div><\/center><\/p>\n<p>Rozhodnutie Amazonu sa&nbsp;dotklo predov\u0161etk\u00fdm kn\u00edhkupcov, ktor\u00e9 vyu\u017e\u00edvaj\u00fa Amazon ako internetov\u00fa platformu na&nbsp;predaj svojho tovaru.<\/p>\n<p><em>\u201eAmazon si vyhradzuje pr\u00e1vo rozhodn\u00fa\u0165, \u010di&nbsp;je&nbsp;pon\u00fakan\u00fd obsah  prijate\u013en\u00fd,\u201c<\/em> uviedla spolo\u010dnos\u0165 v&nbsp;ozn\u00e1men\u00ed o&nbsp;odstr\u00e1nen\u00ed titulu, ktor\u00e9 zaslala tak\u00e9muto kn\u00edhkupcovi.<\/p>\n<p>Internetov\u00e9 spolo\u010dnosti <a href=\"https:\/\/www.facebook.com\/\" rel=\"noopener noreferrer\" target=\"_blank\">Facebook<\/a>, <a href=\"https:\/\/twitter.com\/\" rel=\"noopener noreferrer\" target=\"_blank\">Twitter<\/a> a&nbsp;<a href=\"https:\/\/www.youtube.com\/\" rel=\"noopener noreferrer\" target=\"_blank\">YouTube<\/a> sa&nbsp;v&nbsp;posledn\u00fdch rokoch dost\u00e1vali do&nbsp;sporov s&nbsp;\u010das\u0165ou verejnosti a&nbsp;rie\u0161ili probl\u00e9m, ako re\u0161pektova\u0165 slobodu prejavu zakotven\u00fa v&nbsp;americkej \u00fastave a&nbsp;z\u00e1rove\u0148 bojova\u0165 proti ur\u00e1\u017eliv\u00e9mu a&nbsp;nen\u00e1vistn\u00e9mu obsahu. Amazon bol doteraz viac-menej mimo tejto diskusie. <\/p>\n<p>Av\u0161ak s&nbsp;mili\u00f3nmi obchodn\u00edkov tret\u00edch str\u00e1n, musel aj tento internetov\u00fd gigant na&nbsp;tento aktu\u00e1lny probl\u00e9m reagova\u0165.<\/p>\n<p style=\"text-align: right;\"><small>&mdash;&nbsp;<a href=\"https:\/\/www.nytimes.com\/2020\/02\/09\/technology\/amazon-bookstore-nazis.html\" target=\"_blank\" rel=\"noopener noreferrer\">The New York Times<\/a><\/small><\/p>\n<div class=\"gca-utility clearfix\"><\/div>\n<div class=\"gca-utility vertical-spacer\"><\/div>\n<p><center><span class=\"fullscreen\"><a href=\"\/\/www.martinus.sk\/?z=WLGC7F&#038;utm_source=z%3DWLGC7F&#038;utm_medium=banner1_468x60&#038;utm_campaign=partner\"><img decoding=\"async\" src=\"\/\/www.martinus.sk\/images\/banners\/468x60_red.jpg\" alt=\"www.martinus.sk\" \/><\/a><\/span><\/center><\/p>\n","protected":false},"excerpt":{"rendered":"<p>Americk\u00e1 kn\u00edhkupeck\u00e1 sie\u0165 Amazon stiahla z&nbsp;predaja nieko\u013eko titulov s&nbsp;nacistickou tematikou a&nbsp;s&nbsp;nen\u00e1vistn\u00fdm obsahom. Medzi nimi aj dve knihy od&nbsp;b\u00fdval\u00e9ho vodcu Ku&nbsp;Klux Klanu Davida Duka \u010di&nbsp;tituly zakladate\u013ea Americkej nacistickej strany Georgea Lincolna Rockwella. Inform\u00e1ciu priniesol denn\u00edk The&nbsp;New York Times. <a href=\"https:\/\/literarnenoviny.sk\/servis\/americka-knihkupecka-siet-amazon-stiahla-z-predaja-knihy-s-nacistickou-tematikou\/\" class=\"more-link\">Cel\u00e1 spr\u00e1va <span class=\"meta-nav\">&rarr;<\/span><\/a><\/p>\n","protected":false},"author":2,"featured_media":0,"comment_status":"closed","ping_status":"closed","sticky":false,"template":"","format":"standard","meta":{"_links_to":"","_links_to_target":""},"categories":[1],"tags":[11,14,23],"_links":{"self":[{"href":"https:\/\/literarnenoviny.sk\/servis\/wp-json\/wp\/v2\/posts\/10712"}],"collection":[{"href":"https:\/\/literarnenoviny.sk\/servis\/wp-json\/wp\/v2\/posts"}],"about":[{"href":"https:\/\/literarnenoviny.sk\/servis\/wp-json\/wp\/v2\/types\/post"}],"author":[{"embeddable":true,"href":"https:\/\/literarnenoviny.sk\/servis\/wp-json\/wp\/v2\/users\/2"}],"replies":[{"embeddable":true,"href":"https:\/\/literarnenoviny.sk\/servis\/wp-json\/wp\/v2\/comments?post=10712"}],"version-history":[{"count":0,"href":"https:\/\/literarnenoviny.sk\/servis\/wp-json\/wp\/v2\/posts\/10712\/revisions"}],"wp:attachment":[{"href":"https:\/\/literarnenoviny.sk\/servis\/wp-json\/wp\/v2\/media?parent=10712"}],"wp:term":[{"taxonomy":"category","embeddable":true,"href":"https:\/\/literarnenoviny.sk\/servis\/wp-json\/wp\/v2\/categories?post=10712"},{"taxonomy":"post_tag","embeddable":true,"href":"https:\/\/literarnenoviny.sk\/servis\/wp-json\/wp\/v2\/tags?post=10712"}],"curies":[{"name":"wp","href":"https:\/\/api.w.org\/{rel}","templated":true}]}}