{"id":1071,"date":"2017-10-10T20:00:20","date_gmt":"2017-10-10T18:00:20","guid":{"rendered":"https:\/\/literarnenoviny.sk\/servis\/?p=1071"},"modified":"2017-10-26T22:08:36","modified_gmt":"2017-10-26T20:08:36","slug":"angela-merkelova-emmanuel-macron-otvorili-frankfurtsky-knizny-veltrh","status":"publish","type":"post","link":"https:\/\/literarnenoviny.sk\/servis\/angela-merkelova-emmanuel-macron-otvorili-frankfurtsky-knizny-veltrh\/","title":{"rendered":"Angela Merkelov\u00e1 a&nbsp;Emmanuel Macron otvorili Frankfurtsk\u00fd kni\u017en\u00fd ve\u013etrh"},"content":{"rendered":"<p><strong>Nemeck\u00e1 kancel\u00e1rka Angela Merkelov\u00e1 a&nbsp;franc\u00fazsky prezident Emmanuel Macron sl\u00e1vnostne zah\u00e1jili <a href=\"http:\/\/www.book-fair.com\/\" target=\"_blank\" rel=\"noopener\">69.&nbsp;kni\u017en\u00fd ve\u013etrh vo&nbsp;Frankfurte nad Mohanom<\/a><\/strong>. Usporiadatelia podujatia o\u010dak\u00e1vaj\u00fa takmer 300-tis\u00edc n\u00e1v\u0161tevn\u00edkov.<br \/>\n<center><\/p>\n<blockquote class=\"instagram-media\" data-instgrm-version=\"7\" style=\" background:#FFF; border:0; border-radius:3px; box-shadow:0 0 1px 0 rgba(0,0,0,0.5),0 1px 10px 0 rgba(0,0,0,0.15); margin: 1px; max-width:500px; padding:0; width:99.375%; width:-webkit-calc(100% - 2px); width:calc(100% - 2px);\">\n<div style=\"padding:8px;\">\n<div style=\" background:#F8F8F8; line-height:0; margin-top:40px; padding:50.0% 0; text-align:center; width:100%;\">\n<div style=\" background:url(data:image\/png;base64,iVBORw0KGgoAAAANSUhEUgAAACwAAAAsCAMAAAApWqozAAAABGdBTUEAALGPC\/xhBQAAAAFzUkdCAK7OHOkAAAAMUExURczMzPf399fX1+bm5mzY9AMAAADiSURBVDjLvZXbEsMgCES5\/P8\/t9FuRVCRmU73JWlzosgSIIZURCjo\/ad+EQJJB4Hv8BFt+IDpQoCx1wjOSBFhh2XssxEIYn3ulI\/6MNReE07UIWJEv8UEOWDS88LY97kqyTliJKKtuYBbruAyVh5wOHiXmpi5we58Ek028czwyuQdLKPG1Bkb4NnM+VeAnfHqn1k4+GPT6uGQcvu2h2OVuIf\/gWUFyy8OWEpdyZSa3aVCqpVoVvzZZ2VTnn2wU8qzVjDDetO90GSy9mVLqtgYSy231MxrY6I2gGqjrTY0L8fxCxfCBbhWrsYYAAAAAElFTkSuQmCC); display:block; height:44px; margin:0 auto -44px; position:relative; top:-22px; width:44px;\"><\/div>\n<\/div>\n<p style=\" color:#c9c8cd; font-family:Arial,sans-serif; font-size:14px; line-height:17px; margin-bottom:0; margin-top:8px; overflow:hidden; padding:8px 0 7px; text-align:center; text-overflow:ellipsis; white-space:nowrap;\"><a href=\"https:\/\/www.instagram.com\/p\/BaEuRuMnvzX\/\" style=\" color:#c9c8cd; font-family:Arial,sans-serif; font-size:14px; font-style:normal; font-weight:normal; line-height:17px; text-decoration:none;\" target=\"_blank\">Pr\u00edspevok, ktor\u00fd zdie\u013ea Frankfurter Buchmesse (@buchmesse)<\/a>, <time style=\" font-family:Arial,sans-serif; font-size:14px; line-height:17px;\" datetime=\"2017-10-10T16:13:50+00:00\">Okt 10, 2017 o&nbsp;9:13 PDT<\/time><\/p>\n<\/div>\n<\/blockquote>\n<p> <script async defer src=\"\/\/platform.instagram.com\/en_US\/embeds.js\"><\/script><\/center><\/p>\n<p>Tohtoro\u010dn\u00fd ve\u013etrh je&nbsp;venovan\u00fd Franc\u00fazsku a&nbsp;frankof\u00f3nnej literat\u00fare. Predstav\u00ed sa&nbsp;na&nbsp;\u0148om na&nbsp;180 autorov, ktor\u00ed p\u00ed\u0161u vo&nbsp;franc\u00faz\u0161tine, vr\u00e1tane napr\u00edklad <a href=\"https:\/\/cs.wikipedia.org\/wiki\/Michel_Houellebecq\" target=\"_blank\" rel=\"noopener\">Michela Houellebecqa<\/a> \u010di&nbsp;nosite\u013ea Nobelovej ceny za&nbsp;literat\u00faru <a href=\"https:\/\/sk.wikipedia.org\/wiki\/Jean-Marie_Le_Cl\u00e9zio\" target=\"_blank\" rel=\"noopener\">Jeana-Marie Gustava Le&nbsp;Cl\u00e9zia<\/a>.<\/p>\n<p>Vo Frankfurte sa&nbsp;okrem Franc\u00fazska bude prezentova\u0165 aj \u010fal\u0161\u00edch viac ako 100 kraj\u00edn, vr\u00e1tane 7&nbsp;300 vystavovate\u013eov a&nbsp;stoviek liter\u00e1rnych agentov.<\/p>\n<p style=\"text-align: right;\"><small><a href=\"http:\/\/www.book-fair.com\/en\/fbf\/\" target=\"_blank\" rel=\"noopener\">Frankfurter Buchmesse<\/a><\/small><\/p>\n","protected":false},"excerpt":{"rendered":"<p>Nemeck\u00e1 kancel\u00e1rka Angela Merkelov\u00e1 a&nbsp;franc\u00fazsky prezident Emmanuel Macron sl\u00e1vnostne zah\u00e1jili 69.&nbsp;kni\u017en\u00fd ve\u013etrh vo&nbsp;Frankfurte nad Mohanom. Usporiadatelia podujatia o\u010dak\u00e1vaj\u00fa takmer 300&nbsp;000 nav\u0161tevn\u00edkov. <a href=\"https:\/\/literarnenoviny.sk\/servis\/angela-merkelova-emmanuel-macron-otvorili-frankfurtsky-knizny-veltrh\/\" class=\"more-link\">Cel\u00e1 spr\u00e1va <span class=\"meta-nav\">&rarr;<\/span><\/a><\/p>\n","protected":false},"author":2,"featured_media":0,"comment_status":"closed","ping_status":"closed","sticky":false,"template":"","format":"standard","meta":{"_links_to":"","_links_to_target":""},"categories":[1],"tags":[70,8],"_links":{"self":[{"href":"https:\/\/literarnenoviny.sk\/servis\/wp-json\/wp\/v2\/posts\/1071"}],"collection":[{"href":"https:\/\/literarnenoviny.sk\/servis\/wp-json\/wp\/v2\/posts"}],"about":[{"href":"https:\/\/literarnenoviny.sk\/servis\/wp-json\/wp\/v2\/types\/post"}],"author":[{"embeddable":true,"href":"https:\/\/literarnenoviny.sk\/servis\/wp-json\/wp\/v2\/users\/2"}],"replies":[{"embeddable":true,"href":"https:\/\/literarnenoviny.sk\/servis\/wp-json\/wp\/v2\/comments?post=1071"}],"version-history":[{"count":0,"href":"https:\/\/literarnenoviny.sk\/servis\/wp-json\/wp\/v2\/posts\/1071\/revisions"}],"wp:attachment":[{"href":"https:\/\/literarnenoviny.sk\/servis\/wp-json\/wp\/v2\/media?parent=1071"}],"wp:term":[{"taxonomy":"category","embeddable":true,"href":"https:\/\/literarnenoviny.sk\/servis\/wp-json\/wp\/v2\/categories?post=1071"},{"taxonomy":"post_tag","embeddable":true,"href":"https:\/\/literarnenoviny.sk\/servis\/wp-json\/wp\/v2\/tags?post=1071"}],"curies":[{"name":"wp","href":"https:\/\/api.w.org\/{rel}","templated":true}]}}