{"id":10672,"date":"2020-02-08T18:18:48","date_gmt":"2020-02-08T17:18:48","guid":{"rendered":"https:\/\/literarnenoviny.sk\/servis\/?p=10672"},"modified":"2020-02-10T23:09:18","modified_gmt":"2020-02-10T22:09:18","slug":"kniha-slovenskeho-autora-alfreda-wetzlera-co-dante-nevidel-bude-mat-filmovu-podobu","status":"publish","type":"post","link":"https:\/\/literarnenoviny.sk\/servis\/kniha-slovenskeho-autora-alfreda-wetzlera-co-dante-nevidel-bude-mat-filmovu-podobu\/","title":{"rendered":"Kniha slovensk\u00e9ho autora Alfr\u00e9da Wetzlera \u010co Dante nevidel bude ma\u0165 filmov\u00fa podobu"},"content":{"rendered":"<p><strong>Slovensk\u00fd re\u017eis\u00e9r Peter Bebjak nakr\u00faca filmov\u00fa adapt\u00e1ciu zn\u00e1mej knihy Alfr\u00e9da Wetzlera <em><a href=\"https:\/\/www.martinus.sk\/?uItem=72719&#038;z=WLGC7F&#038;utm_source=z%3DWLGC7F&#038;utm_medium=url&#038;utm_campaign=partner\" rel=\"noopener noreferrer\" target=\"_blank\">\u010co Dante nevidel<\/a><\/strong> (1964)<\/em>. Film s&nbsp;prozaick\u00fdm n\u00e1zvom <em><strong><a href=\"https:\/\/www.sprava.sk\/\" rel=\"noopener noreferrer\" target=\"_blank\">Spr\u00e1va<\/a><\/strong><\/em> s&nbsp;rozpo\u010dtom 3,2 mili\u00f3na eur je&nbsp;doteraz najdrah\u0161\u00edm projektom spolo\u010dnosti <a href=\"https:\/\/dnaproduction.sk\/\" rel=\"noopener noreferrer\" target=\"_blank\">D.N.A. Production<\/a>. Koproducentami projektu s\u00fa \u010desk\u00e1 spolo\u010dnos\u0165 <a href=\"https:\/\/evolutionfilms.cz\/\" rel=\"noopener noreferrer\" target=\"_blank\">Evolution Films<\/a>, po\u013esk\u00e1 <a href=\"http:\/\/www.agresywnabanda.com\/\" rel=\"noopener noreferrer\" target=\"_blank\">Agresywna Banda<\/a> (Po\u013esko) a&nbsp;nemeck\u00e1 <a href=\"http:\/\/www.ostlicht.de\/\" rel=\"noopener noreferrer\" target=\"_blank\">Ostlicht Filmproduktion<\/a>.<\/p>\n<p>Film je&nbsp;pr\u00edbehom dvoch mlad\u00fdch slovensk\u00fdch \u017didov <a href=\"https:\/\/sk.wikipedia.org\/wiki\/Alfr\u00e9d_Wetzler\" rel=\"noopener noreferrer\" target=\"_blank\">Alfr\u00e9da Wetzlera<\/a> a&nbsp;<a href=\"https:\/\/sk.wikipedia.org\/wiki\/Rudolf_Vrba\" rel=\"noopener noreferrer\" target=\"_blank\">Rudolfa Vrbu<\/a>, ktor\u00fdm sa&nbsp;podarilo ujs\u0165 z&nbsp;<a href=\"https:\/\/sk.wikipedia.org\/wiki\/Koncentra\u010dn\u00fd_t\u00e1bor_Auschwitz-Birkenau\" rel=\"noopener noreferrer\" target=\"_blank\">koncentra\u010dn\u00e9ho t\u00e1bora Osvien\u010dim<\/a>. <\/p>\n<p><center><div class=\"gca-utility vertical-spacer\"><\/div><iframe loading=\"lazy\" width=\"560\" height=\"315\" src=\"https:\/\/www.youtube.com\/embed\/A3puRBIeSiQ?start=0\" frameborder=\"0\" allow=\"accelerometer; autoplay; encrypted-media; gyroscope; picture-in-picture\" allowfullscreen><\/iframe><div class=\"gca-utility vertical-spacer\"><\/div><\/center><\/p>\n<p>So sebou niesli pozn\u00e1mky o&nbsp;po\u010dtoch \u013eud\u00ed v&nbsp;transportoch, o&nbsp;fungovan\u00ed t\u00e1bora a&nbsp;o&nbsp;cykl\u00f3ne B, ktor\u00fdm nacisti denne v&nbsp;plynov\u00fdch komor\u00e1ch vra\u017edili tis\u00edcky \u013eud\u00ed. <\/p>\n<p>Ke\u010f sa&nbsp;im cez hory podarilo prejs\u0165 a\u017e na&nbsp;Slovensko, \u010dakala ich t\u00e1 naj\u0165a\u017e\u0161ia \u010das\u0165. Sp\u00edsa\u0165 o&nbsp;tom podrobn\u00fa spr\u00e1vu o&nbsp;t\u00e1bore a&nbsp;presved\u010di\u0165 o&nbsp;hr\u00f4zach, ktor\u00e9 ukr\u00fdval, zvy\u0161ok sveta. Po&nbsp;zverejnen\u00ed podrobnej <a href=\"https:\/\/sk.wikipedia.org\/wiki\/Vrbova_a_Wetzlerova_spr\u00e1va\" rel=\"noopener noreferrer\" target=\"_blank\">32-stranovej spr\u00e1vy o&nbsp;t\u00e1bore<\/a>, sa&nbsp;svet v&nbsp;roku 1944 po&nbsp;prv\u00fd raz dozvedel o&nbsp;tom, \u010do&nbsp;sa&nbsp;za&nbsp;br\u00e1nami Osvien\u010dimu deje.<\/p>\n<p>Alfr\u00e9d Wetzler, ktor\u00fd ako 69-ro\u010dn\u00fd zomrel v&nbsp;Bratislave vo&nbsp;febru\u00e1ri 1988, u\u017e&nbsp;v&nbsp;roku 1945 vydal bro\u017e\u00faru <em><strong>Oswien\u010dim, hrobka \u0161tyroch mili\u00f3nov \u013eud\u00ed<\/strong><\/em>, v&nbsp;ktorej faktograficky a&nbsp;dokument\u00e1rne presved\u010divo op\u00edsal, \u010do&nbsp;sa&nbsp;po\u010das jeho dvojro\u010dn\u00e9ho pobytu v&nbsp;t\u00e1bore odohr\u00e1valo.<\/p>\n<p>V roku 1964 sa&nbsp;k&nbsp;tejto t\u00e9me vr\u00e1til v&nbsp;beletristickej forme, ke\u010f vydal pod pseudonymom Jozef L\u00e1nik rom\u00e1n <em><strong>\u010co Dante nevidel<\/strong><\/em>. Pod jeho skuto\u010dn\u00fdm menom vy\u0161lo a\u017e piate vydanie rom\u00e1nu z&nbsp;roku 2009, doplnen\u00e9 aj <a href=\"https:\/\/sk.wikipedia.org\/wiki\/Vrbova_a_Wetzlerova_spr\u00e1va\" rel=\"noopener noreferrer\" target=\"_blank\">Spr\u00e1vou<\/a>, ktor\u00fa spolo\u010dne Vrbom po&nbsp;svojom dramatickom \u00fateku nap\u00edsali. <\/p>\n<p>Rudolf Vrba svoj pr\u00edbeh op\u00edsal v&nbsp;knihe <em><strong><a href=\"https:\/\/www.martinus.sk\/?uItem=210205&#038;z=WLGC7F&#038;utm_source=z%3DWLGC7F&#038;utm_medium=url&#038;utm_campaign=partner\" rel=\"noopener noreferrer\" target=\"_blank\">Utiekol som z&nbsp;Osvien\u010dimu<\/a><\/strong> (I&nbsp;Cannot forgive, 1963)<\/em>, ktor\u00e1 p\u00f4vodne vy\u0161la v&nbsp;Lond\u00fdne.<\/p>\n<p>Pr\u00edbeh o&nbsp;pekle, ktor\u00e9 sa&nbsp;tam dialo, a&nbsp;spr\u00e1ve, ktor\u00fa dnes pozn\u00e1 cel\u00fd svet, pr\u00edde do&nbsp;k\u00edn v&nbsp;roku 2020.<\/p>\n<p style=\"text-align: right;\"><small>&mdash;&nbsp;<a href=\"https:\/\/dnaproduction.sk\/\" target=\"_blank\" rel=\"noopener noreferrer\">D.N.A. Production<\/a> a&nbsp;<a href=\"https:\/\/Addmedia.news\" target=\"_blank\" rel=\"noopener noreferrer\">Addmedia.news<\/a><\/small><\/p>\n<div class=\"gca-utility clearfix\"><\/div>\n<div class=\"gca-utility vertical-spacer\"><\/div>\n<p><center><span class=\"fullscreen\"><script type=\"text\/javascript\" src=\"\/\/partner.mrtns.eu\/banners\/banner.js?type=banner&#038;brand_id=1&#038;uItem=72719&#038;size=full&#038;show_price=0&#038;color=blue&#038;z=WLGC7F\"><\/script><\/center><\/p>\n","protected":false},"excerpt":{"rendered":"<p>Slovensk\u00fd re\u017eis\u00e9r Peter Bebjak nakr\u00faca filmov\u00fa adapt\u00e1ciu zn\u00e1mej knihy Alfr\u00e9da Wetzlera \u010co Dante nevidel. Film s&nbsp;prozaick\u00fdm n\u00e1zvom Spr\u00e1va s&nbsp;rozpo\u010dtom 3,2 mili\u00f3na eur je&nbsp;doteraz najdrah\u0161\u00edm projektom spolo\u010dnosti D.N.A. production. Koproducentami projektu s\u00fa \u010desk\u00e1 spolo\u010dnos\u0165 Evolution Films, po\u013esk\u00e1 Agresywna Banda (Po\u013esko) a&nbsp;nemeck\u00e1 Ostlicht Filmproduktion. <a href=\"https:\/\/literarnenoviny.sk\/servis\/kniha-slovenskeho-autora-alfreda-wetzlera-co-dante-nevidel-bude-mat-filmovu-podobu\/\" class=\"more-link\">Cel\u00e1 spr\u00e1va <span class=\"meta-nav\">&rarr;<\/span><\/a><\/p>\n","protected":false},"author":2,"featured_media":0,"comment_status":"closed","ping_status":"closed","sticky":false,"template":"","format":"standard","meta":{"_links_to":"","_links_to_target":""},"categories":[1],"tags":[16,5,14],"_links":{"self":[{"href":"https:\/\/literarnenoviny.sk\/servis\/wp-json\/wp\/v2\/posts\/10672"}],"collection":[{"href":"https:\/\/literarnenoviny.sk\/servis\/wp-json\/wp\/v2\/posts"}],"about":[{"href":"https:\/\/literarnenoviny.sk\/servis\/wp-json\/wp\/v2\/types\/post"}],"author":[{"embeddable":true,"href":"https:\/\/literarnenoviny.sk\/servis\/wp-json\/wp\/v2\/users\/2"}],"replies":[{"embeddable":true,"href":"https:\/\/literarnenoviny.sk\/servis\/wp-json\/wp\/v2\/comments?post=10672"}],"version-history":[{"count":0,"href":"https:\/\/literarnenoviny.sk\/servis\/wp-json\/wp\/v2\/posts\/10672\/revisions"}],"wp:attachment":[{"href":"https:\/\/literarnenoviny.sk\/servis\/wp-json\/wp\/v2\/media?parent=10672"}],"wp:term":[{"taxonomy":"category","embeddable":true,"href":"https:\/\/literarnenoviny.sk\/servis\/wp-json\/wp\/v2\/categories?post=10672"},{"taxonomy":"post_tag","embeddable":true,"href":"https:\/\/literarnenoviny.sk\/servis\/wp-json\/wp\/v2\/tags?post=10672"}],"curies":[{"name":"wp","href":"https:\/\/api.w.org\/{rel}","templated":true}]}}