{"id":10622,"date":"2020-02-06T08:20:44","date_gmt":"2020-02-06T07:20:44","guid":{"rendered":"https:\/\/literarnenoviny.sk\/servis\/?p=10622"},"modified":"2020-02-10T22:58:29","modified_gmt":"2020-02-10T21:58:29","slug":"madarskym-ucitelom-a-spisovatelom-sa-nepacia-nove-ucebne-plany-literatury","status":"publish","type":"post","link":"https:\/\/literarnenoviny.sk\/servis\/madarskym-ucitelom-a-spisovatelom-sa-nepacia-nove-ucebne-plany-literatury\/","title":{"rendered":"Ma\u010farsk\u00fdm u\u010dite\u013eom a&nbsp;spisovate\u013eom sa&nbsp;nep\u00e1\u010dia nov\u00e9 u\u010debn\u00e9 pl\u00e1ny literat\u00fary"},"content":{"rendered":"<p><strong>\u010casti ma\u010farsk\u00fdch u\u010dite\u013eov a&nbsp;Asoci\u00e1cii spisovate\u013eov sa&nbsp;nep\u00e1\u010dia nov\u00e9 u\u010debn\u00e9 pl\u00e1ny literat\u00fary<\/strong>, ktor\u00e9 s\u00fa pod\u013ea nich zostaven\u00e9 tak, aby obmedzovali akademick\u00e9 slobody a&nbsp;propagovali nacionalistick\u00fd program vl\u00e1dnej strany <a href=\"https:\/\/sk.wikipedia.org\/wiki\/Fidesz_\u2013_Ma\u010farsk\u00fd_ob\u010diansky_zv\u00e4z\" rel=\"noopener noreferrer\" target=\"_blank\">Fidesz<\/a> premi\u00e9ra <a href=\"https:\/\/sk.wikipedia.org\/wiki\/Viktor_Orb\u00e1n\" rel=\"noopener noreferrer\" target=\"_blank\">Viktora Orb\u00e1na<\/a>.<\/p>\n<p><em>\u201eJe problematick\u00e9, ke\u010f je&nbsp;vzdel\u00e1vac\u00ed r\u00e1mec zalo\u017een\u00fd viac na&nbsp;ideol\u00f3gii, ako na&nbsp;profesion\u00e1lnych princ\u00edpoch,\u201c<\/em> uviedla <a href=\"https:\/\/www.facebook.com\/pedagogusok.d.szakszervezete\/\" rel=\"noopener noreferrer\" target=\"_blank\">Demokratick\u00e1 \u00fania u\u010dite\u013eov<\/a>.<\/p>\n<p><center><div class=\"gca-utility vertical-spacer\"><\/div><iframe loading=\"lazy\" src=\"https:\/\/www.facebook.com\/plugins\/post.php?href=https%3A%2F%2Fwww.facebook.com%2Fmagyartanarok%2Fposts%2F2865732800132570&#038;width=500\" width=\"500\" height=\"510\" style=\"border:none;overflow:hidden\" scrolling=\"no\" frameborder=\"0\" allowTransparency=\"true\" allow=\"encrypted-media\"><\/iframe><div class=\"gca-utility vertical-spacer\"><\/div><\/center><\/p>\n<p>V nov\u00fdch N\u00e1rodn\u00fdch u\u010debn\u00fdch osnov\u00e1ch <em>(Nemzeti Alaptantervr\u0151l &#8211; NAT)<\/em> sa&nbsp;napr\u00edklad medzi desiatimi najd\u00f4le\u017eitej\u0161\u00edmi ma\u010farsk\u00fdmi spisovate\u013emi ocitol <strong><a href=\"https:\/\/en.wikipedia.org\/wiki\/Ferenc_Herczeg\" rel=\"noopener noreferrer\" target=\"_blank\">Ferenc Herceg<\/a><\/strong>, ktor\u00fd bol v\u00e1\u0161niv\u00fdm st\u00fapencom dikt\u00e1tora <a href=\"https:\/\/sk.wikipedia.org\/wiki\/Benito_Mussolini\" rel=\"noopener noreferrer\" target=\"_blank\">Benita Mussoliniho<\/a>. <\/p>\n<p>Na zoznam sa&nbsp;naopak nedostal jedin\u00fd ma\u010farsk\u00fd nosite\u013e Nobelovej ceny za&nbsp;literat\u00faru <strong><a href=\"https:\/\/literarnenoviny.sk\/clanky\/vazen-cislo-64921\/\" target=\"_blank\" rel=\"noopener noreferrer\">Imre Kert\u00e9sz<\/a><\/strong>, ktor\u00fd vo&nbsp;svojich dielach p\u00edsal o&nbsp;holokauste.<\/p>\n<p>Gy\u00f6rgy Feny\u00f6 z&nbsp;Asoci\u00e1cie u\u010dite\u013eov literat\u00fary o&nbsp;osnov\u00e1ch vyhl\u00e1sil, \u017ee&nbsp;<em>\u201eneposkytuj\u00fa \u017eiadny priestor pre&nbsp;slobodu myslenia, ale diktuj\u00fa, \u010do&nbsp;si m\u00e1me myslie\u0165\u201c<\/em>.<\/p>\n<p><em>\u201eSme presved\u010den\u00ed, \u017ee&nbsp;nov\u00e9 z\u00e1kladn\u00e9 u\u010debn\u00e9 osnovy s\u00fa neprijate\u013en\u00e9 a&nbsp;sp\u00f4sobuj\u00fa v\u00e1\u017ene \u0161kody nielen s\u00fa\u010dasnej ma\u010farskej literat\u00fare a&nbsp;kult\u00fare, ale aj intelektu\u00e1lnemu rozvoju bud\u00facich gener\u00e1ci\u00ed,\u201c<\/em> <a href=\"https:\/\/hvg.hu\/kultura\/20200204_Szepirok_Tarsasaga_A_NAT_alkalmatlan_a_diakok_olvasova_nevelesere\" rel=\"noopener noreferrer\" target=\"_blank\">kritizuje<\/a> n\u00e1rodn\u00fd vzdel\u00e1vac\u00ed program aj ma\u010farsk\u00e1 <a href=\"https:\/\/szepiroktarsasaga.hu\/\" rel=\"noopener noreferrer\" target=\"_blank\">Asoci\u00e1cia spisovate\u013eov<\/a>. <\/p>\n<p>U\u010ditelia, ktor\u00ed sa&nbsp;k&nbsp;protestu pripojili, na&nbsp;soci\u00e1lnych sie\u0165ach uv\u00e1dzaj\u00fa pr\u00edspevky s&nbsp;hashtag <em>#noNAT<\/em> a&nbsp;heslami ako <em>\u201eNebudem vyu\u010dova\u0165 fa\u0161izmus\u201c<\/em>.<\/p>\n<p style=\"text-align: right;\"><small>&mdash;&nbsp;<a href=\"https:\/\/hvg.hu\/kultura\/20200204_Nem_tanitok_fasiszta_irot__tiltakozohullam_indul_a_NAT_ellen\" target=\"_blank\" rel=\"noopener noreferrer\">HVG<\/a>, <a href=\"https:\/\/eduline.hu\/kozoktatas\/20200204_pdsz_nat\" target=\"_blank\" rel=\"noopener noreferrer\">Eduline<\/a> a&nbsp; <a href=\"---\" target=\"_blank\" rel=\"noopener noreferrer\">Reuters<\/a><\/small><\/p>\n<div class=\"gca-utility clearfix\"><\/div>\n<div class=\"gca-utility vertical-spacer\"><\/div>\n<p><center><span class=\"fullscreen\"><script type=\"text\/javascript\" src=\"\/\/partner.mrtns.eu\/banners\/banner.js?type=banner&#038;brand_id=1&#038;uItem=308589&#038;size=full&#038;show_price=0&#038;color=green&#038;z=WLGC7F\"><\/script><\/center><\/p>\n","protected":false},"excerpt":{"rendered":"<p>\u010casti ma\u010farsk\u00fdch u\u010dite\u013eov a&nbsp;Asoci\u00e1cii spisovate\u013eov sa&nbsp;nep\u00e1\u010dia nov\u00e9 N\u00e1rodn\u00e9 u\u010debn\u00e9 pl\u00e1ny literat\u00fary, ktor\u00e9 s\u00fa pod\u013ea nich zostaven\u00e9 tak, aby obmedzovali akademick\u00e9 slobody a&nbsp;propagovali nacionalistick\u00fd program vl\u00e1dnej strany Fidesz premi\u00e9ra Viktora Orb\u00e1na. <a href=\"https:\/\/literarnenoviny.sk\/servis\/madarskym-ucitelom-a-spisovatelom-sa-nepacia-nove-ucebne-plany-literatury\/\" class=\"more-link\">Cel\u00e1 spr\u00e1va <span class=\"meta-nav\">&rarr;<\/span><\/a><\/p>\n","protected":false},"author":2,"featured_media":0,"comment_status":"closed","ping_status":"closed","sticky":false,"template":"","format":"standard","meta":{"_links_to":"","_links_to_target":""},"categories":[1],"tags":[37,4,22,136],"_links":{"self":[{"href":"https:\/\/literarnenoviny.sk\/servis\/wp-json\/wp\/v2\/posts\/10622"}],"collection":[{"href":"https:\/\/literarnenoviny.sk\/servis\/wp-json\/wp\/v2\/posts"}],"about":[{"href":"https:\/\/literarnenoviny.sk\/servis\/wp-json\/wp\/v2\/types\/post"}],"author":[{"embeddable":true,"href":"https:\/\/literarnenoviny.sk\/servis\/wp-json\/wp\/v2\/users\/2"}],"replies":[{"embeddable":true,"href":"https:\/\/literarnenoviny.sk\/servis\/wp-json\/wp\/v2\/comments?post=10622"}],"version-history":[{"count":0,"href":"https:\/\/literarnenoviny.sk\/servis\/wp-json\/wp\/v2\/posts\/10622\/revisions"}],"wp:attachment":[{"href":"https:\/\/literarnenoviny.sk\/servis\/wp-json\/wp\/v2\/media?parent=10622"}],"wp:term":[{"taxonomy":"category","embeddable":true,"href":"https:\/\/literarnenoviny.sk\/servis\/wp-json\/wp\/v2\/categories?post=10622"},{"taxonomy":"post_tag","embeddable":true,"href":"https:\/\/literarnenoviny.sk\/servis\/wp-json\/wp\/v2\/tags?post=10622"}],"curies":[{"name":"wp","href":"https:\/\/api.w.org\/{rel}","templated":true}]}}