{"id":1057,"date":"2017-10-09T11:43:46","date_gmt":"2017-10-09T09:43:46","guid":{"rendered":"https:\/\/literarnenoviny.sk\/servis\/?p=1057"},"modified":"2020-10-15T22:06:41","modified_gmt":"2020-10-15T20:06:41","slug":"vo-veku-87-rokov-zomrel-francuzsky-herec-trojnasobny-drzitel-cesara-jean-rochefort","status":"publish","type":"post","link":"https:\/\/literarnenoviny.sk\/servis\/vo-veku-87-rokov-zomrel-francuzsky-herec-trojnasobny-drzitel-cesara-jean-rochefort\/","title":{"rendered":"Vo veku 87 rokov zomrel franc\u00fazsky herec a&nbsp;trojn\u00e1sobn\u00fd dr\u017eite\u013e C\u00e9sara Jean Rochefort"},"content":{"rendered":"<p><strong>Vo veku 87 rokov zomrel franc\u00fazsky herec a&nbsp;trojn\u00e1sobn\u00fd dr\u017eite\u013e C\u00e9sara <a href=\"https:\/\/fr.wikipedia.org\/wiki\/Jean_Rochefort\" rel=\"noopener noreferrer\" target=\"_blank\">Jean Rochefort<\/a><\/strong>. Presadil sa&nbsp;70.&nbsp;rokoch v&nbsp;kom\u00e9di\u00e1ch Ve\u013ek\u00fd blond\u00edn s&nbsp;\u010diernou top\u00e1nkou a&nbsp;N\u00e1vrat ve\u013ek\u00e9ho blond\u00edna.<\/p>\n<p style=\"text-align: right;\"><small><a href=\"http:\/\/www.lemonde.fr\/cinema\/article\/2017\/10\/09\/l-acteur-jean-rochefort-est-mort-a-87-ans_5198241_3476.html\" target=\"_blank\" rel=\"noopener noreferrer\">Le Monde<\/a><\/small><\/p>\n","protected":false},"excerpt":{"rendered":"<p>Vo veku 87 rokov zomrel franc\u00fazsky herec a&nbsp;trojn\u00e1sobn\u00fd dr\u017eite\u013e C\u00e9sara Jean Rochefort. Presadil sa&nbsp;70.&nbsp;rokoch v&nbsp;kom\u00e9di\u00e1ch Ve\u013ek\u00fd blond\u00edn s&nbsp;\u010diernou top\u00e1nkou a&nbsp;N\u00e1vrat ve\u013ek\u00e9ho blond\u00edna.  <a href=\"https:\/\/literarnenoviny.sk\/servis\/vo-veku-87-rokov-zomrel-francuzsky-herec-trojnasobny-drzitel-cesara-jean-rochefort\/\" class=\"more-link\">Cel\u00e1 spr\u00e1va <span class=\"meta-nav\">&rarr;<\/span><\/a><\/p>\n","protected":false},"author":2,"featured_media":0,"comment_status":"closed","ping_status":"closed","sticky":false,"template":"","format":"standard","meta":{"_links_to":"","_links_to_target":""},"categories":[1],"tags":[16,3,209],"_links":{"self":[{"href":"https:\/\/literarnenoviny.sk\/servis\/wp-json\/wp\/v2\/posts\/1057"}],"collection":[{"href":"https:\/\/literarnenoviny.sk\/servis\/wp-json\/wp\/v2\/posts"}],"about":[{"href":"https:\/\/literarnenoviny.sk\/servis\/wp-json\/wp\/v2\/types\/post"}],"author":[{"embeddable":true,"href":"https:\/\/literarnenoviny.sk\/servis\/wp-json\/wp\/v2\/users\/2"}],"replies":[{"embeddable":true,"href":"https:\/\/literarnenoviny.sk\/servis\/wp-json\/wp\/v2\/comments?post=1057"}],"version-history":[{"count":0,"href":"https:\/\/literarnenoviny.sk\/servis\/wp-json\/wp\/v2\/posts\/1057\/revisions"}],"wp:attachment":[{"href":"https:\/\/literarnenoviny.sk\/servis\/wp-json\/wp\/v2\/media?parent=1057"}],"wp:term":[{"taxonomy":"category","embeddable":true,"href":"https:\/\/literarnenoviny.sk\/servis\/wp-json\/wp\/v2\/categories?post=1057"},{"taxonomy":"post_tag","embeddable":true,"href":"https:\/\/literarnenoviny.sk\/servis\/wp-json\/wp\/v2\/tags?post=1057"}],"curies":[{"name":"wp","href":"https:\/\/api.w.org\/{rel}","templated":true}]}}