{"id":1055,"date":"2017-10-07T12:10:54","date_gmt":"2017-10-07T10:10:54","guid":{"rendered":"https:\/\/literarnenoviny.sk\/servis\/?p=1055"},"modified":"2017-10-26T22:13:24","modified_gmt":"2017-10-26T20:13:24","slug":"dalsim-titulom-vydavatelstva-n-press-bude-kniha-medzi-slovakmi-od-martina-simecku","status":"publish","type":"post","link":"https:\/\/literarnenoviny.sk\/servis\/dalsim-titulom-vydavatelstva-n-press-bude-kniha-medzi-slovakmi-od-martina-simecku\/","title":{"rendered":"\u010eal\u0161\u00edm titulom vydavate\u013estva N Press bude kniha Medzi Slov\u00e1kmi od&nbsp;Martina \u0160ime\u010dku"},"content":{"rendered":"<p>\u010eal\u0161\u00edm titulom vydavate\u013estva N Press bude kniha Medzi Slov\u00e1kmi od&nbsp;Martina \u0160ime\u010dku.<\/p>\n<p style=\"text-align: right;\"><small><a href=\"https:\/\/obchod.dennikn.sk\/show\/41\" target=\"_blank\">Dennik N<\/a><\/small><\/p>\n","protected":false},"excerpt":{"rendered":"<p>\u010eal\u0161\u00edm titulom vydavate\u013estva N Press bude kniha Medzi Slov\u00e1kmi od&nbsp;Martina \u0160ime\u010dku <a href=\"https:\/\/literarnenoviny.sk\/servis\/dalsim-titulom-vydavatelstva-n-press-bude-kniha-medzi-slovakmi-od-martina-simecku\/\" class=\"more-link\">Cel\u00e1 spr\u00e1va <span class=\"meta-nav\">&rarr;<\/span><\/a><\/p>\n","protected":false},"author":2,"featured_media":0,"comment_status":"closed","ping_status":"closed","sticky":false,"template":"","format":"standard","meta":{"_links_to":"","_links_to_target":""},"categories":[1],"tags":[],"_links":{"self":[{"href":"https:\/\/literarnenoviny.sk\/servis\/wp-json\/wp\/v2\/posts\/1055"}],"collection":[{"href":"https:\/\/literarnenoviny.sk\/servis\/wp-json\/wp\/v2\/posts"}],"about":[{"href":"https:\/\/literarnenoviny.sk\/servis\/wp-json\/wp\/v2\/types\/post"}],"author":[{"embeddable":true,"href":"https:\/\/literarnenoviny.sk\/servis\/wp-json\/wp\/v2\/users\/2"}],"replies":[{"embeddable":true,"href":"https:\/\/literarnenoviny.sk\/servis\/wp-json\/wp\/v2\/comments?post=1055"}],"version-history":[{"count":0,"href":"https:\/\/literarnenoviny.sk\/servis\/wp-json\/wp\/v2\/posts\/1055\/revisions"}],"wp:attachment":[{"href":"https:\/\/literarnenoviny.sk\/servis\/wp-json\/wp\/v2\/media?parent=1055"}],"wp:term":[{"taxonomy":"category","embeddable":true,"href":"https:\/\/literarnenoviny.sk\/servis\/wp-json\/wp\/v2\/categories?post=1055"},{"taxonomy":"post_tag","embeddable":true,"href":"https:\/\/literarnenoviny.sk\/servis\/wp-json\/wp\/v2\/tags?post=1055"}],"curies":[{"name":"wp","href":"https:\/\/api.w.org\/{rel}","templated":true}]}}