{"id":1053,"date":"2017-10-03T19:00:06","date_gmt":"2017-10-03T17:00:06","guid":{"rendered":"https:\/\/literarnenoviny.sk\/servis\/?p=1053"},"modified":"2017-10-07T11:44:08","modified_gmt":"2017-10-07T09:44:08","slug":"eseje-obnovenie-poriadku-od-milana-simecku-vychadzaju-v-reedicii-ako-e-kniha","status":"publish","type":"post","link":"https:\/\/literarnenoviny.sk\/servis\/eseje-obnovenie-poriadku-od-milana-simecku-vychadzaju-v-reedicii-ako-e-kniha\/","title":{"rendered":"Eseje Obnovenie poriadku od&nbsp;Milana \u0160ime\u010dku vych\u00e1dzaj\u00fa v&nbsp;reed\u00edcii ako e-kniha"},"content":{"rendered":"<p>Eseje Obnovenie poriadku od&nbsp;Milana \u0160ime\u010dku vych\u00e1dzaj\u00fa v&nbsp;reed\u00edcii ako e-kniha<\/p>\n","protected":false},"excerpt":{"rendered":"<p>Eseje Obnovenie poriadku od&nbsp;Milana \u0160ime\u010dku vych\u00e1dzaj\u00fa v&nbsp;reed\u00edcii ako e-kniha <a href=\"https:\/\/literarnenoviny.sk\/servis\/eseje-obnovenie-poriadku-od-milana-simecku-vychadzaju-v-reedicii-ako-e-kniha\/\" class=\"more-link\">Cel\u00e1 spr\u00e1va <span class=\"meta-nav\">&rarr;<\/span><\/a><\/p>\n","protected":false},"author":2,"featured_media":0,"comment_status":"closed","ping_status":"closed","sticky":false,"template":"","format":"standard","meta":{"_links_to":"","_links_to_target":""},"categories":[1],"tags":[],"_links":{"self":[{"href":"https:\/\/literarnenoviny.sk\/servis\/wp-json\/wp\/v2\/posts\/1053"}],"collection":[{"href":"https:\/\/literarnenoviny.sk\/servis\/wp-json\/wp\/v2\/posts"}],"about":[{"href":"https:\/\/literarnenoviny.sk\/servis\/wp-json\/wp\/v2\/types\/post"}],"author":[{"embeddable":true,"href":"https:\/\/literarnenoviny.sk\/servis\/wp-json\/wp\/v2\/users\/2"}],"replies":[{"embeddable":true,"href":"https:\/\/literarnenoviny.sk\/servis\/wp-json\/wp\/v2\/comments?post=1053"}],"version-history":[{"count":0,"href":"https:\/\/literarnenoviny.sk\/servis\/wp-json\/wp\/v2\/posts\/1053\/revisions"}],"wp:attachment":[{"href":"https:\/\/literarnenoviny.sk\/servis\/wp-json\/wp\/v2\/media?parent=1053"}],"wp:term":[{"taxonomy":"category","embeddable":true,"href":"https:\/\/literarnenoviny.sk\/servis\/wp-json\/wp\/v2\/categories?post=1053"},{"taxonomy":"post_tag","embeddable":true,"href":"https:\/\/literarnenoviny.sk\/servis\/wp-json\/wp\/v2\/tags?post=1053"}],"curies":[{"name":"wp","href":"https:\/\/api.w.org\/{rel}","templated":true}]}}