{"id":10527,"date":"2020-01-28T20:30:51","date_gmt":"2020-01-28T19:30:51","guid":{"rendered":"https:\/\/literarnenoviny.sk\/servis\/?p=10527"},"modified":"2020-02-02T23:38:22","modified_gmt":"2020-02-02T22:38:22","slug":"britsku-cenu-costa-ziskal-byvaly-reporter-jack-fairweather-za-titul-dobrovolnik","status":"publish","type":"post","link":"https:\/\/literarnenoviny.sk\/servis\/britsku-cenu-costa-ziskal-byvaly-reporter-jack-fairweather-za-titul-dobrovolnik\/","title":{"rendered":"Britsk\u00fa cenu Costa z\u00edskal b\u00fdval\u00fd report\u00e9r Jack Fairweather za&nbsp;titul Dobrovo\u013en\u00edk"},"content":{"rendered":"<p><strong>Britsk\u00fa liter\u00e1rnu cenu <a href=\"https:\/\/www.costa.co.uk\/behind-the-beans\/costa-book-awards\/book-awards\" rel=\"noopener noreferrer\" target=\"_blank\">Costa Book Awards<\/a> z\u00edskal b\u00fdval\u00fd vojnov\u00fd report\u00e9r <a href=\"https:\/\/en.wikipedia.org\/wiki\/Jack_Fairweather_(writer)\" rel=\"noopener noreferrer\" target=\"_blank\">Jack Fairweather<\/a> za&nbsp;titul <em><a href=\"https:\/\/www.martinus.sk\/?uItem=606015&#038;z=WLGC7F&#038;utm_source=z%3DWLGC7F&#038;utm_medium=url&#038;utm_campaign=partner\" rel=\"noopener noreferrer\" target=\"_blank\">Dobrovo\u013en\u00edk<\/a><\/strong> (The&nbsp;Volunteer, 2019)<\/em>. Ide o&nbsp;<a href=\"https:\/\/www.theguardian.com\/books\/2020\/jan\/22\/the-volunteer-jack-fairweather-review\" rel=\"noopener noreferrer\" target=\"_blank\">biografiu<\/a> po\u013esk\u00e9ho vojaka a&nbsp;odboj\u00e1ra <a href=\"https:\/\/cs.wikipedia.org\/wiki\/Witold_Pilecki\" rel=\"noopener noreferrer\" target=\"_blank\">Witolda Pileck\u00e9ho<\/a>, ktor\u00fd sa&nbsp;v&nbsp;roku 1940 nechal dobrovo\u013ene zatvori\u0165 do&nbsp;<a href=\"http:\/\/www.auschwitz.org\/\" rel=\"noopener noreferrer\" target=\"_blank\">Osvien\u010dimu<\/a>, aby odtia\u013e posielal spr\u00e1vy odha\u013euj\u00face nacistick\u00e9 zlo\u010diny.<\/p>\n<p>V prest\u00ed\u017enej s\u00fa\u0165a\u017ei Costa sa&nbsp;stal <em><strong>Dobrovo\u013en\u00edk<\/strong><\/em> knihou roka, ke\u010f uspel v&nbsp;konkurencii \u010fal\u0161\u00edch \u0161tyroch titulov. Tie <a href=\"https:\/\/literarnenoviny.sk\/servis\/britsku-cenu-costa-za-najlepsi-roman-ziskal-jonathan-coe-za-knihu-o-brexite\/\" rel=\"noopener noreferrer\" target=\"_blank\">porota ocenila<\/a> u\u017e&nbsp;za\u010diatkom janu\u00e1ra ako najlep\u0161ie v&nbsp;kateg\u00f3ri\u00e1ch rom\u00e1n, zbierka po\u00e9zie, kniha pre&nbsp;deti a&nbsp;debut.<\/p>\n<p><center><div class=\"gca-utility vertical-spacer\"><\/div>\n<blockquote class=\"twitter-tweet\">\n<p lang=\"en\" dir=\"ltr\">ICYMI\u2014At last night&#39;s&nbsp;<a href=\"https:\/\/twitter.com\/CostaBookAwards?ref_src=twsrc%5Etfw\">@CostaBookAwards<\/a> The&nbsp;Volunteer by <a href=\"https:\/\/twitter.com\/jackfairweather?ref_src=twsrc%5Etfw\">@jackfairweather<\/a> was named the&nbsp;Costa Book of the&nbsp;Year! Congratulations, Jack, and the&nbsp;category winners <a href=\"https:\/\/twitter.com\/jasinbath?ref_src=twsrc%5Etfw\">@jasinbath<\/a>, <a href=\"https:\/\/twitter.com\/mrsjaneymac?ref_src=twsrc%5Etfw\">@mrsjaneymac<\/a>, <a href=\"https:\/\/twitter.com\/jonathancoe?ref_src=twsrc%5Etfw\">@jonathancoe<\/a> and <a href=\"https:\/\/twitter.com\/maryjean_chan?ref_src=twsrc%5Etfw\">@maryjean_chan<\/a> ? Read more about the&nbsp;Awards here: <a href=\"https:\/\/t.co\/2Go6yyfv2f\">https:\/\/t.co\/2Go6yyfv2f<\/a> <a href=\"https:\/\/t.co\/Yuad5LYcdB\">pic.twitter.com\/Yuad5LYcdB<\/a><\/p>\n<p>&mdash; The&nbsp;Bookseller (@thebookseller) <a href=\"https:\/\/twitter.com\/thebookseller\/status\/1222444065960222721?ref_src=twsrc%5Etfw\">January 29, 2020<\/a><\/p><\/blockquote>\n<p> <script async src=\"https:\/\/platform.twitter.com\/widgets.js\" charset=\"utf-8\"><\/script><div class=\"gca-utility vertical-spacer\"><\/div><\/center><\/p>\n<p>Predsedn\u00ed\u010dka poroty Sian Williamsov\u00e1 uviedla, \u017ee&nbsp;Fairweatherov <em><strong>Dobrovo\u013en\u00edk<\/strong><\/em> je&nbsp;<em>\u201epr\u00edbeh, ktor\u00fd by si mal ka\u017ed\u00fd pre\u010d\u00edta\u0165\u201c<\/em>.<\/p>\n<p>Po\u013esk\u00e9mu d\u00f4stojn\u00edkovi Witoldovi Pileck\u00e9mu sa&nbsp;v&nbsp;roku 1943 <a href=\"https:\/\/www.dotyk.cz\/magazin\/prezil-dobrovolny-pobyt-v-osvetimi-i-nemecke-zajeti-popravili-ho-komuniste-20201002.html\" rel=\"noopener noreferrer\" target=\"_blank\">podarilo z&nbsp;t\u00e1bora ujs\u0165<\/a> a&nbsp;v&nbsp;auguste 1944 sa&nbsp;potom z\u00fa\u010dastnil var\u0161avsk\u00e9ho povstania. Po&nbsp;vojne ho zatkla a&nbsp;mu\u010dila po\u013esk\u00e1 komunistick\u00e1 tajn\u00e1 pol\u00edcia. V&nbsp;m\u00e1ji 1948 Pileck\u00e9ho popravili vo&nbsp;var\u0161avskom v\u00e4zen\u00ed a&nbsp;jeho meno takmer upadlo do&nbsp;zabudnutia. <\/p>\n<p>Ocenen\u00fd autor biografie Jack Fairweather cenu venoval Pileck\u00e9ho de\u0165om <a href=\"http:\/\/www.ostrowmaz.pl\/pl\/page\/zofia-pilecka-optu\u0142owicz-i-andrzej-pilecki\" rel=\"noopener noreferrer\" target=\"_blank\">Andrzejovi a&nbsp;Zofii<\/a>, ktor\u00e9 sa&nbsp;o&nbsp;poprave otca dozvedeli v&nbsp;\u0161kole. <\/p>\n<p><em>\u201eV komunistickom Po\u013esku v&nbsp;roku 1948  po\u010d\u00favali na&nbsp;hodine v&nbsp;\u0161kolskom rozhlase propagandistick\u00fd program, ktor\u00fd oznamoval \u017ee&nbsp;ich otca pr\u00e1ve popravili ako zradcu a&nbsp;nepriate\u013ea \u0161t\u00e1tu,\u201c<\/em> pribl\u00ed\u017eil Fairweather. <em>\u201ePo\u010das nasleduj\u00facich 50 rokov v\u00f4bec netu\u0161ili o&nbsp;otcovej \u010dinnosti v&nbsp;Osvien\u010dime\u201c<\/em>.<\/p>\n<p>Ocenenie <a href=\"https:\/\/www.costa.co.uk\/behind-the-beans\/costa-book-awards\/book-awards\" rel=\"noopener noreferrer\" target=\"_blank\">Costa Book Awards<\/a> je&nbsp;honorovan\u00e9 sumou 30-tis\u00edc britsk\u00fdch libier a&nbsp;zabezpe\u010d\u00ed aj vy\u0161\u0161\u00ed \u010ditate\u013esk\u00fd z\u00e1ujem a&nbsp;predaj knihy.<\/p>\n<p style=\"text-align: right;\"><small>&mdash;&nbsp;<a href=\"https:\/\/www.theguardian.com\/books\/2020\/jan\/28\/costa-prize-jack-fairweather-wins-book-of-the-year-with-the-volunteer\" target=\"_blank\" rel=\"noopener noreferrer\">The Guardian<\/a><\/small><\/p>\n<div class=\"gca-utility clearfix\"><\/div>\n<div class=\"gca-utility vertical-spacer\"><\/div>\n<p><center><span class=\"fullscreen\"><script type=\"text\/javascript\" src=\"\/\/partner.mrtns.eu\/banners\/banner.js?type=banner&#038;brand_id=1&#038;uItem=606015&#038;size=full&#038;show_price=0&#038;color=violet&#038;z=WLGC7F\"><\/script><\/center><\/p>\n","protected":false},"excerpt":{"rendered":"<p>Britsk\u00fa liter\u00e1rnu cenu Costa Book Awards z\u00edskal b\u00fdval\u00fd vojnov\u00fd report\u00e9r Jack Fairweather za&nbsp;titul Dobrovo\u013en\u00edk. Ide o&nbsp;biografiu po\u013esk\u00e9ho vojaka Witolda Pileck\u00e9ho, ktor\u00fd sa&nbsp;v&nbsp;roku 1940 nechal dobrovo\u013ene zatvori\u0165 do&nbsp;vyhladzovacieho t\u00e1bora Osvien\u010dim, aby odtia\u013e posielal spr\u00e1vy odha\u013euj\u00face nacistick\u00e9 zlo\u010diny. <a href=\"https:\/\/literarnenoviny.sk\/servis\/britsku-cenu-costa-ziskal-byvaly-reporter-jack-fairweather-za-titul-dobrovolnik\/\" class=\"more-link\">Cel\u00e1 spr\u00e1va <span class=\"meta-nav\">&rarr;<\/span><\/a><\/p>\n","protected":false},"author":2,"featured_media":0,"comment_status":"closed","ping_status":"closed","sticky":false,"template":"","format":"standard","meta":{"_links_to":"","_links_to_target":""},"categories":[1],"tags":[80,5,21],"_links":{"self":[{"href":"https:\/\/literarnenoviny.sk\/servis\/wp-json\/wp\/v2\/posts\/10527"}],"collection":[{"href":"https:\/\/literarnenoviny.sk\/servis\/wp-json\/wp\/v2\/posts"}],"about":[{"href":"https:\/\/literarnenoviny.sk\/servis\/wp-json\/wp\/v2\/types\/post"}],"author":[{"embeddable":true,"href":"https:\/\/literarnenoviny.sk\/servis\/wp-json\/wp\/v2\/users\/2"}],"replies":[{"embeddable":true,"href":"https:\/\/literarnenoviny.sk\/servis\/wp-json\/wp\/v2\/comments?post=10527"}],"version-history":[{"count":0,"href":"https:\/\/literarnenoviny.sk\/servis\/wp-json\/wp\/v2\/posts\/10527\/revisions"}],"wp:attachment":[{"href":"https:\/\/literarnenoviny.sk\/servis\/wp-json\/wp\/v2\/media?parent=10527"}],"wp:term":[{"taxonomy":"category","embeddable":true,"href":"https:\/\/literarnenoviny.sk\/servis\/wp-json\/wp\/v2\/categories?post=10527"},{"taxonomy":"post_tag","embeddable":true,"href":"https:\/\/literarnenoviny.sk\/servis\/wp-json\/wp\/v2\/tags?post=10527"}],"curies":[{"name":"wp","href":"https:\/\/api.w.org\/{rel}","templated":true}]}}