{"id":10512,"date":"2020-01-29T16:20:11","date_gmt":"2020-01-29T15:20:11","guid":{"rendered":"https:\/\/literarnenoviny.sk\/servis\/?p=10512"},"modified":"2020-01-29T23:52:13","modified_gmt":"2020-01-29T22:52:13","slug":"anasoft-litera-predstavila-patclennu-odbornu-porotu-15-rocnika-literarnej-ceny","status":"publish","type":"post","link":"https:\/\/literarnenoviny.sk\/servis\/anasoft-litera-predstavila-patclennu-odbornu-porotu-15-rocnika-literarnej-ceny\/","title":{"rendered":"Anasoft litera predstavila p\u00e4\u0165\u010dlenn\u00fa odborn\u00fa porotu 15.&nbsp;ro\u010dn\u00edka liter\u00e1rnej ceny"},"content":{"rendered":"<p><strong><a href=\"https:\/\/www.anasoftlitera.sk\/\" rel=\"noopener noreferrer\" target=\"_blank\">Anasoft litera<\/a> predstavila <a href=\"https:\/\/www.facebook.com\/notes\/anasoft-litera\/predstavujeme-porotu-liter\u00e1rnej-ceny-anasoft-litera-2020\/2633422620027124\/\" rel=\"noopener noreferrer\" target=\"_blank\">p\u00e4\u0165\u010dlenn\u00fa odborn\u00fa<\/a> porotu 15.&nbsp;ro\u010dn\u00edka prest\u00ed\u017enej n\u00e1rodnej liter\u00e1rnej ceny<\/strong>, ktor\u00e1 vo&nbsp;febru\u00e1ri vyberie desiatku najzauj\u00edmavej\u0161\u00edch slovensk\u00fdch prozaick\u00fdch titulov <a href=\"https:\/\/www.anasoftlitera.sk\/home\/novinky\/zverejnujeme-zoznam-nominovany\" rel=\"noopener noreferrer\" target=\"_blank\">vla\u0148aj\u0161ej liter\u00e1rnej produkcie<\/a>. <\/p>\n<p>Okrem slovensk\u00fdch porotcov bud\u00fa o&nbsp;tohtoro\u010dn\u00fdch nomin\u00e1ci\u00e1ch a&nbsp;laure\u00e1tovi s\u00fa\u0165a\u017ee rozhodova\u0165 aj liter\u00e1rni odborn\u00edci z&nbsp;\u010ceska.<\/p>\n<p><center><div class=\"gca-utility vertical-spacer\"><\/div><iframe loading=\"lazy\" src=\"https:\/\/www.facebook.com\/plugins\/post.php?href=https%3A%2F%2Fwww.facebook.com%2Fnotes%2Fanasoft-litera%2Fpredstavujeme-porotu-liter%25C3%25A1rnej-ceny-anasoft-litera-2020%2F2633422620027124%2F&#038;width=500\" width=\"500\" height=\"612\" style=\"border:none;overflow:hidden\" scrolling=\"no\" frameborder=\"0\" allowTransparency=\"true\" allow=\"encrypted-media\"><\/iframe><div class=\"gca-utility vertical-spacer\"><\/div><\/center><\/p>\n<p>Slovensk\u00fa \u010das\u0165 poroty zastupuj\u00fa ved\u00faca Odboru liter\u00e1rno-dramatickej v\u00fdroby Slovensk\u00e9ho rozhlasu <strong>Zuzana Belkov\u00e1<\/strong>, ktor\u00e1 u\u017e&nbsp;bola porotky\u0148ou ceny Anasoft litera v&nbsp;roku 2010, liter\u00e1rny kritik <strong>Peter F. &#8218;Rius J\u00edlek<\/strong> a&nbsp;taktie\u017e liter\u00e1rny publicista a&nbsp;moder\u00e1tor <strong>Dado Nagy<\/strong>. Ten bol \u010dlenom poroty aj v&nbsp;roku 2009.<\/p>\n<p>Spoza Moravy v&nbsp;tohtoro\u010dnej porote zasadn\u00fa prekladate\u013e, redaktor a&nbsp;vysoko\u0161kolsk\u00fd pedag\u00f3g <strong>Lubom\u00edr Machala<\/strong>, ako aj  b\u00e1snik a&nbsp;editor <strong>Michal Jare\u0161<\/strong> z&nbsp;\u00dastavu pre&nbsp;\u010desk\u00fa literat\u00faru Akad\u00e9mie vied \u010ceskej republiky.<\/p>\n<p>Longlist Anasoft litery 2020, teda  desa\u0165 titulov, z&nbsp;ktor\u00fdch potom v&nbsp;m\u00e1ji vyberie fin\u00e1lov\u00fa p\u00e4\u0165ku, porota na\u017eivo predstav\u00ed vo&nbsp;vysielan\u00ed R\u00e1dia Dev\u00edn v&nbsp;rel\u00e1cii Ladenie 12.&nbsp;febru\u00e1ra o&nbsp;14 hodine a&nbsp;14 min\u00fate.<\/p>\n<p style=\"text-align: right;\"><small>&mdash;&nbsp;<a href=\"https:\/\/www.facebook.com\/notes\/anasoft-litera\/predstavujeme-porotu-liter\u00e1rnej-ceny-anasoft-litera-2020\/2633422620027124\/\" target=\"_blank\" rel=\"noopener noreferrer\">Anasoft litera<\/a><\/small><\/p>\n<div class=\"gca-utility clearfix\"><\/div>\n<div class=\"gca-utility vertical-spacer\"><\/div>\n<p><center><span class=\"fullscreen\"><a href=\"\/\/www.martinus.sk\/?z=WLGC7F&#038;utm_source=z%3DWLGC7F&#038;utm_medium=banner1_468x60&#038;utm_campaign=partner\"><img decoding=\"async\" src=\"\/\/www.martinus.sk\/images\/banners\/468x60_red.jpg\" alt=\"www.martinus.sk\" \/><\/a><\/span><\/center><\/p>\n","protected":false},"excerpt":{"rendered":"<p>Anasoft litera predstavila p\u00e4\u0165\u010dlenn\u00fa odborn\u00fa porotu 15.&nbsp;ro\u010dn\u00edka prest\u00ed\u017enej n\u00e1rodnej liter\u00e1rnej ceny, ktor\u00e1 vo&nbsp;febru\u00e1ri vyberie desiatku najzauj\u00edmavej\u0161\u00edch slovensk\u00fdch prozaick\u00fdch titulov vla\u0148aj\u0161ej liter\u00e1rnej produkcie. Okrem slovensk\u00fdch porotcov v&nbsp;porote zasadn\u00fa aj liter\u00e1rni odborn\u00edci z&nbsp;\u010ceskej republiky <a href=\"https:\/\/literarnenoviny.sk\/servis\/anasoft-litera-predstavila-patclennu-odbornu-porotu-15-rocnika-literarnej-ceny\/\" class=\"more-link\">Cel\u00e1 spr\u00e1va <span class=\"meta-nav\">&rarr;<\/span><\/a><\/p>\n","protected":false},"author":2,"featured_media":0,"comment_status":"closed","ping_status":"closed","sticky":false,"template":"","format":"standard","meta":{"_links_to":"","_links_to_target":""},"categories":[1],"tags":[4,21],"_links":{"self":[{"href":"https:\/\/literarnenoviny.sk\/servis\/wp-json\/wp\/v2\/posts\/10512"}],"collection":[{"href":"https:\/\/literarnenoviny.sk\/servis\/wp-json\/wp\/v2\/posts"}],"about":[{"href":"https:\/\/literarnenoviny.sk\/servis\/wp-json\/wp\/v2\/types\/post"}],"author":[{"embeddable":true,"href":"https:\/\/literarnenoviny.sk\/servis\/wp-json\/wp\/v2\/users\/2"}],"replies":[{"embeddable":true,"href":"https:\/\/literarnenoviny.sk\/servis\/wp-json\/wp\/v2\/comments?post=10512"}],"version-history":[{"count":0,"href":"https:\/\/literarnenoviny.sk\/servis\/wp-json\/wp\/v2\/posts\/10512\/revisions"}],"wp:attachment":[{"href":"https:\/\/literarnenoviny.sk\/servis\/wp-json\/wp\/v2\/media?parent=10512"}],"wp:term":[{"taxonomy":"category","embeddable":true,"href":"https:\/\/literarnenoviny.sk\/servis\/wp-json\/wp\/v2\/categories?post=10512"},{"taxonomy":"post_tag","embeddable":true,"href":"https:\/\/literarnenoviny.sk\/servis\/wp-json\/wp\/v2\/tags?post=10512"}],"curies":[{"name":"wp","href":"https:\/\/api.w.org\/{rel}","templated":true}]}}