{"id":1023,"date":"2017-09-17T12:20:25","date_gmt":"2017-09-17T10:20:25","guid":{"rendered":"https:\/\/literarnenoviny.sk\/servis\/?p=1023"},"modified":"2020-10-15T22:06:41","modified_gmt":"2020-10-15T20:06:41","slug":"vo-veku-66-rokov-zomrel-cesky-spisovatel-petr-sabach-autor-predlohy-k-filmu-pelisky","status":"publish","type":"post","link":"https:\/\/literarnenoviny.sk\/servis\/vo-veku-66-rokov-zomrel-cesky-spisovatel-petr-sabach-autor-predlohy-k-filmu-pelisky\/","title":{"rendered":"Vo veku 66 rokov zomrel \u010desk\u00fd spisovate\u013e Petr \u0160abach, autor predlohy k&nbsp;filmu Pel\u00ed\u0161ky"},"content":{"rendered":"<p><strong>Vo veku 66 rokov zomrel v&nbsp;sobotu \u010desk\u00fd spisovate\u013e a&nbsp;autor kni\u017enej predlohy k&nbsp;filmu Pel\u00ed\u0161ky <a href=\"https:\/\/cs.wikipedia.org\/wiki\/Petr_%C5%A0abach\" rel=\"noopener noreferrer\" target=\"_blank\">Petr \u0160abach<\/a><\/strong>. Jeho \u00famrtie pre&nbsp;<a href=\"https:\/\/kultura.zpravy.idnes.cz\/petr-sabach-smrt-025-\/literatura.aspx?c=A170917_121953_literatura_neh\" rel=\"noopener noreferrer\" target=\"_blank\">iDnes.cz<\/a> potvrdil re\u017eis\u00e9r Ji\u0159\u00ed H\u0159ebejk. \u201eBolo to hrozne r\u00fdchle a&nbsp;bezn\u00e1dejn\u00e9,\u201c dodal. <\/p>\n<p>H\u0159ebejk s&nbsp;n\u00edm spolupracoval aj na&nbsp;svojom debute \u0160akal\u00ed l\u00e9ta z&nbsp;roku 1993. Potom n\u00e1sledovali spolo\u010dn\u00e9 sn\u00edmky Pel\u00ed\u0161ky, Pupendo a&nbsp;U&nbsp;m\u011b dobr\u00fd. Pod\u013ea \u0160abachovej knihy Ob\u010dansk\u00fd pr\u016fkaz nakr\u00fatil film aj re\u017eis\u00e9r Ond\u0159ej Trojan.<\/p>\n<p><center><iframe loading=\"lazy\" src=\"https:\/\/www.facebook.com\/plugins\/post.php?href=https%3A%2F%2Fwww.facebook.com%2Fpasekanakladatelstvi%2Fposts%2F1608903345836232&#038;width=500\" width=\"500\" height=\"544\" style=\"border:none;overflow:hidden\" scrolling=\"no\" frameborder=\"0\" allowTransparency=\"true\"><\/iframe><\/center><\/p>\n<p>Petr \u0160abach dia\u013ekovo vy\u0161tudoval kulturol\u00f3giu a&nbsp;po\u010das komunistickej totality sa&nbsp;\u017eivil ako no\u010dn\u00fd vr\u00e1tnik a&nbsp;popri tom publikoval v&nbsp;\u010dasopisoch. Jeho kni\u017ena prvotina Jak potopit Austr\u00e1lii mu vy\u0161la v&nbsp;roku 1986.<\/p>\n<p style=\"text-align: right;\"><small><a href=\"https:\/\/kultura.zpravy.idnes.cz\/petr-sabach-smrt-025-\/literatura.aspx?c=A170917_121953_literatura_neh\" target=\"_blank\" rel=\"noopener noreferrer\">iDnes.cz<\/a><\/small><\/p>\n","protected":false},"excerpt":{"rendered":"<p>Vo veku 66 rokov zomrel v&nbsp;sobotu \u010desk\u00fd spisovate\u013e a&nbsp;autor kni\u017enej predlohy k&nbsp;filmu Pel\u00ed\u0161ky Petr \u0160abach. Autor dia\u013ekovo vy\u0161tudoval kulturol\u00f3giu a&nbsp;po\u010das komunistickej totality sa&nbsp;\u017eivil ako no\u010dn\u00fd vr\u00e1tnik. <a href=\"https:\/\/literarnenoviny.sk\/servis\/vo-veku-66-rokov-zomrel-cesky-spisovatel-petr-sabach-autor-predlohy-k-filmu-pelisky\/\" class=\"more-link\">Cel\u00e1 spr\u00e1va <span class=\"meta-nav\">&rarr;<\/span><\/a><\/p>\n","protected":false},"author":2,"featured_media":0,"comment_status":"closed","ping_status":"closed","sticky":false,"template":"","format":"standard","meta":{"_links_to":"","_links_to_target":""},"categories":[1],"tags":[16,14,3,209],"_links":{"self":[{"href":"https:\/\/literarnenoviny.sk\/servis\/wp-json\/wp\/v2\/posts\/1023"}],"collection":[{"href":"https:\/\/literarnenoviny.sk\/servis\/wp-json\/wp\/v2\/posts"}],"about":[{"href":"https:\/\/literarnenoviny.sk\/servis\/wp-json\/wp\/v2\/types\/post"}],"author":[{"embeddable":true,"href":"https:\/\/literarnenoviny.sk\/servis\/wp-json\/wp\/v2\/users\/2"}],"replies":[{"embeddable":true,"href":"https:\/\/literarnenoviny.sk\/servis\/wp-json\/wp\/v2\/comments?post=1023"}],"version-history":[{"count":0,"href":"https:\/\/literarnenoviny.sk\/servis\/wp-json\/wp\/v2\/posts\/1023\/revisions"}],"wp:attachment":[{"href":"https:\/\/literarnenoviny.sk\/servis\/wp-json\/wp\/v2\/media?parent=1023"}],"wp:term":[{"taxonomy":"category","embeddable":true,"href":"https:\/\/literarnenoviny.sk\/servis\/wp-json\/wp\/v2\/categories?post=1023"},{"taxonomy":"post_tag","embeddable":true,"href":"https:\/\/literarnenoviny.sk\/servis\/wp-json\/wp\/v2\/tags?post=1023"}],"curies":[{"name":"wp","href":"https:\/\/api.w.org\/{rel}","templated":true}]}}