{"id":1005,"date":"2017-09-21T14:30:18","date_gmt":"2017-09-21T12:30:18","guid":{"rendered":"https:\/\/literarnenoviny.sk\/servis\/?p=1005"},"modified":"2017-10-26T22:16:06","modified_gmt":"2017-10-26T20:16:06","slug":"poviedka-o-psoch-od-jakuba-zatovica-ziskala-hlavnu-cenu-v-sutazi-poviedka-2017","status":"publish","type":"post","link":"https:\/\/literarnenoviny.sk\/servis\/poviedka-o-psoch-od-jakuba-zatovica-ziskala-hlavnu-cenu-v-sutazi-poviedka-2017\/","title":{"rendered":"Poviedka o&nbsp;psoch od&nbsp;Jakuba Za\u0165ovi\u010da z\u00edskala hlavn\u00fa cenu v&nbsp;s\u00fa\u0165a\u017ei Poviedka 2017"},"content":{"rendered":"<p>Koloman Kert\u00e9sz Bagala vyhl\u00e1sil v&nbsp;priamom prenose zo&nbsp;\u0161t\u00fadia <a href=\"http:\/\/devin.rtvs.sk\/\" rel=\"noopener\" target=\"_blank\">R\u00e1dia Dev\u00edn<\/a> v\u00fdsledky 21.&nbsp;ro\u010dn\u00edka liter\u00e1rnej s\u00fa\u0165a\u017ee <a href=\"https:\/\/www.facebook.com\/poviedka.sk\" rel=\"noopener\" target=\"_blank\">Poviedka 2017<\/a>. <strong>Hlavn\u00fa cenu 1000&nbsp;eur z\u00edskala Poviedka o&nbsp;psoch od&nbsp;Jakuba Za\u0165ovi\u010da z&nbsp;Lu\u010denca<\/strong>. Pr\u00e9mie v&nbsp;hodnote 300&nbsp;eur z\u00edskali autorky Katar\u00edna Varsikov\u00e1, Barbora, J\u00falia Oresk\u00e1, Jana Turz\u00e1kov\u00e1 a&nbsp;Eva Ry\u0161av\u00e1.<\/p>\n<p>Do s\u00fa\u0165a\u017ee bolo prihl\u00e1sen\u00fdch 519 pr\u00e1c, ktor\u00e9 hodnotila porota v&nbsp;zlo\u017een\u00ed Ivana Dobrakovov\u00e1, Pavol Rankov, Vlado Balla, Dominika Madro a&nbsp;Radovan Poto\u010d\u00e1r. Aj tento rok vyjde zborn\u00edk, v&nbsp;ktorom bud\u00fa publikovan\u00e9 v\u0161etky ocenen\u00e9 poviedky. <\/p>\n<p>Sl\u00e1vnostn\u00e9 odovzd\u00e1vanie cien s\u00fa\u0165a\u017ee <a href=\"https:\/\/www.facebook.com\/poviedka.sk\" rel=\"noopener\" target=\"_blank\">Poviedka 2017<\/a> sa&nbsp;uskuto\u010dn\u00ed 21.&nbsp;okt\u00f3bra 2017. <\/p>\n<p style=\"text-align: right;\"><small><a href=\"http:\/\/devin.rtvs.sk\/clanky\/literatura\/143524\/v-radiu-devin-vyhlasili-vysledky-poviedky-2017\/\" target=\"_blank\">R\u00e1dio Dev\u00edn<\/a><\/small><\/p>\n","protected":false},"excerpt":{"rendered":"<p>Koloman Kert\u00e9sz Bagala vyhl\u00e1sil v&nbsp;priamom prenose zo&nbsp;\u0161t\u00fadia R\u00e1dia Dev\u00edn v\u00fdsledky 21.&nbsp;ro\u010dn\u00edka liter\u00e1rnej s\u00fa\u0165a\u017ee Poviedka 2017. Hlavn\u00fa cenu 1000&nbsp;eur z\u00edskala Poviedka o&nbsp;psoch od&nbsp;Jakuba Za\u0165ovi\u010da z&nbsp;Lu\u010denca. Sl\u00e1vnostn\u00e9 odovzd\u00e1vanie cien s\u00fa\u0165a\u017ee sa&nbsp;uskuto\u010dn\u00ed 21.&nbsp;okt\u00f3bra 2017. <a href=\"https:\/\/literarnenoviny.sk\/servis\/poviedka-o-psoch-od-jakuba-zatovica-ziskala-hlavnu-cenu-v-sutazi-poviedka-2017\/\" class=\"more-link\">Cel\u00e1 spr\u00e1va <span class=\"meta-nav\">&rarr;<\/span><\/a><\/p>\n","protected":false},"author":2,"featured_media":0,"comment_status":"closed","ping_status":"closed","sticky":false,"template":"","format":"standard","meta":{"_links_to":"","_links_to_target":""},"categories":[1],"tags":[21,51,52],"_links":{"self":[{"href":"https:\/\/literarnenoviny.sk\/servis\/wp-json\/wp\/v2\/posts\/1005"}],"collection":[{"href":"https:\/\/literarnenoviny.sk\/servis\/wp-json\/wp\/v2\/posts"}],"about":[{"href":"https:\/\/literarnenoviny.sk\/servis\/wp-json\/wp\/v2\/types\/post"}],"author":[{"embeddable":true,"href":"https:\/\/literarnenoviny.sk\/servis\/wp-json\/wp\/v2\/users\/2"}],"replies":[{"embeddable":true,"href":"https:\/\/literarnenoviny.sk\/servis\/wp-json\/wp\/v2\/comments?post=1005"}],"version-history":[{"count":0,"href":"https:\/\/literarnenoviny.sk\/servis\/wp-json\/wp\/v2\/posts\/1005\/revisions"}],"wp:attachment":[{"href":"https:\/\/literarnenoviny.sk\/servis\/wp-json\/wp\/v2\/media?parent=1005"}],"wp:term":[{"taxonomy":"category","embeddable":true,"href":"https:\/\/literarnenoviny.sk\/servis\/wp-json\/wp\/v2\/categories?post=1005"},{"taxonomy":"post_tag","embeddable":true,"href":"https:\/\/literarnenoviny.sk\/servis\/wp-json\/wp\/v2\/tags?post=1005"}],"curies":[{"name":"wp","href":"https:\/\/api.w.org\/{rel}","templated":true}]}}